{"id":238500,"date":"2023-07-21T17:45:40","date_gmt":"2023-07-21T15:45:40","guid":{"rendered":"https:\/\/www.cronacaonline.it\/?p=238500"},"modified":"2023-07-21T17:45:43","modified_gmt":"2023-07-21T15:45:43","slug":"progetto-aria-sottoscritto-il-nuovo-accordo-di-programma-con-linfn-garantita-la-stabilita-occupazionale-per-19-lavoratori","status":"publish","type":"post","link":"https:\/\/www.cronacaonline.it\/index.php\/2023\/07\/21\/progetto-aria-sottoscritto-il-nuovo-accordo-di-programma-con-linfn-garantita-la-stabilita-occupazionale-per-19-lavoratori\/","title":{"rendered":"Progetto aria, sottoscritto il nuovo accordo di programma con l\u2019Infn, garantita la stabilit\u00e0 occupazionale per 19 lavoratori."},"content":{"rendered":"\n<p>Cagliari, 21 Lug 2023\u00a0\u2013 Il Presidente della Regione Sardegna, ha sottoscritto il nuovo accordo di programma con l\u2019Istituto Nazionale di Fisica Nucleare relativo al progetto Aria. \u201cLa Sardegna si avvia a diventare un polo strategico per la ricerca a livello mondiale. Con la sottoscrizione del nuovo accordo per il progetto Aria \u2013 spiega il Presidente \u2013 consolidiamo le basi per la riconversione del sito minerario della Carbosulcis, destinato a diventare un centro tecnologico d\u2019eccellenza per la ricerca scientifica. Il progetto Aria rappresenta infatti un\u2019opportunit\u00e0 straordinaria per il Sulcis Iglesiente e per tutta la Sardegna. Insieme al progetto per l\u2019Einstein Telescope, la Sardegna diventa protagonista nel settore dell\u2019innovazione a livello globale: oltre al turismo, alle bellezze paesaggistiche e alle altre eccellenze della nostra Isola, possiamo oggi affermare che la scienza e la tecnologia sono fattori di attrazione e investimento che pongono la Sardegna al centro del mondo\u201d.<\/p>\n\n\n\n<p>\u201cLa firma del nuovo accordo \u2013 aggiunge \u2013 porta con s\u00e9, come promesso, una ricaduta occupazionale importante, stabilizzando i 19 lavoratori della Fondazione Aria, che potranno continuare a lavorare nel loro territorio per questo ambizioso progetto. La volont\u00e0 di preservare i posti di lavoro \u00e8 sempre stata prioritaria per questa Giunta\u201d.<\/p>\n\n\n\n<p>\u201cEra inoltre fondamentale fare in modo che la Carbosulcis continuasse la sua collaborazione con la Fondazione Aria per portare a termine i lavori sul castelletto di estrazione\u201d continua il Presidente. \u201cDi recente, nell\u2019impianto prototipo Seruci-0 \u00e8 stato distillato con successo il primo argon del progetto Aria di Carbosulcis nella miniera di Monte Sinni. Un grande risultato che ci vede protagonisti nelle ricerche sulla materia oscura. Ci sono tutti i presupposti perch\u00e9 questo progetto cresca e porti con s\u00e9 prospettive occupazionali stabili e opportunit\u00e0 di crescita professionale di rilievo\u201d.<\/p>\n\n\n\n<p>Lo scopo del \u201cProgetto di Ricerca Aria\u201d \u00e8 quello di promuovere lo sviluppo economico del territorio e al contempo attrarre e mantenere nel sistema regionale della ricerca un capitale umano altamente qualificato.<\/p>\n\n\n\n<p>La Giunta Regionale con l\u2019ultima Legge di Stabilit\u00e0 ha stanziato complessivi 6,3 milioni di euro, suddivisi nelle annualit\u00e0 2023, 2024 e 2025, destinati al progetto.<\/p>\n\n\n\n<p>\u201cLa collaborazione dell\u2019Istituto Nazionale di Fisica Nucleare\u201d conclude il Presidente \u201cporta all\u2019isola anche la sinergia con universit\u00e0, imprese pubbliche e private, societ\u00e0, impegnate nello sviluppo delle ricerche e dei servizi ad esse correlati: relazioni importanti che la Regione Sardegna \u00e8 orgogliosa di intraprendere, certa del fatto che la crescita della nostra Isola si nutra di scambi conoscitivi con il resto del mondo, in ogni settore\u201d. Com<\/p>\n","protected":false},"excerpt":{"rendered":"<p>Cagliari, 21 Lug 2023\u00a0\u2013 Il Presidente della Regione Sardegna, ha sottoscritto il nuovo accordo di programma con l\u2019Istituto Nazionale di Fisica Nucleare relativo al progetto&#8230;<\/p>\n","protected":false},"author":2,"featured_media":187128,"comment_status":"closed","ping_status":"open","sticky":false,"template":"","format":"standard","meta":[],"categories":[49,52],"tags":[],"_links":{"self":[{"href":"https:\/\/www.cronacaonline.it\/index.php\/wp-json\/wp\/v2\/posts\/238500"}],"collection":[{"href":"https:\/\/www.cronacaonline.it\/index.php\/wp-json\/wp\/v2\/posts"}],"about":[{"href":"https:\/\/www.cronacaonline.it\/index.php\/wp-json\/wp\/v2\/types\/post"}],"author":[{"embeddable":true,"href":"https:\/\/www.cronacaonline.it\/index.php\/wp-json\/wp\/v2\/users\/2"}],"replies":[{"embeddable":true,"href":"https:\/\/www.cronacaonline.it\/index.php\/wp-json\/wp\/v2\/comments?post=238500"}],"version-history":[{"count":1,"href":"https:\/\/www.cronacaonline.it\/index.php\/wp-json\/wp\/v2\/posts\/238500\/revisions"}],"predecessor-version":[{"id":238501,"href":"https:\/\/www.cronacaonline.it\/index.php\/wp-json\/wp\/v2\/posts\/238500\/revisions\/238501"}],"wp:featuredmedia":[{"embeddable":true,"href":"https:\/\/www.cronacaonline.it\/index.php\/wp-json\/wp\/v2\/media\/187128"}],"wp:attachment":[{"href":"https:\/\/www.cronacaonline.it\/index.php\/wp-json\/wp\/v2\/media?parent=238500"}],"wp:term":[{"taxonomy":"category","embeddable":true,"href":"https:\/\/www.cronacaonline.it\/index.php\/wp-json\/wp\/v2\/categories?post=238500"},{"taxonomy":"post_tag","embeddable":true,"href":"https:\/\/www.cronacaonline.it\/index.php\/wp-json\/wp\/v2\/tags?post=238500"}],"curies":[{"name":"wp","href":"https:\/\/api.w.org\/{rel}","templated":true}]}}