{"id":238494,"date":"2023-07-21T14:20:37","date_gmt":"2023-07-21T12:20:37","guid":{"rendered":"https:\/\/www.cronacaonline.it\/?p=238494"},"modified":"2023-07-21T14:20:40","modified_gmt":"2023-07-21T12:20:40","slug":"ambiente-assessore-porcu-realizzeremo-un-protocollo-con-la-corsica-per-lavorare-allistituzione-di-un-mab-unesco-nelle-bocche-di-bonifacio","status":"publish","type":"post","link":"https:\/\/www.cronacaonline.it\/index.php\/2023\/07\/21\/ambiente-assessore-porcu-realizzeremo-un-protocollo-con-la-corsica-per-lavorare-allistituzione-di-un-mab-unesco-nelle-bocche-di-bonifacio\/","title":{"rendered":"Ambiente, assessore Porcu: &#8216;realizzeremo un protocollo con la Corsica per lavorare all&#8217;istituzione di un mab Unesco nelle Bocche di Bonifacio&#8217;."},"content":{"rendered":"\n<p>Corte (Corsica), 21 Lug 2023 -\u00a0\"Il progetto di istituire un Mab Unesco (programma 'Man and the biosphere') transfrontaliero tra la Sardegna e la Corsica, comprendendo interamente le Bocche di Bonifacio, \u00e8 nata sull'isola dell'Asinara durante il recente incontro sull\u2019accordo Pelagos, che riguarda il santuario per la protezione dei mammiferi marini nel Mediterraneo. Con il collega corso abbiamo ipotizzato di dar vita ad un protocollo che consenta alle due Regioni di avviare presso l'Unesco la procedura per l'attivazione della riserva. Si tratta di un\u2019area marina ricchissima di biodiversit\u00e0, valorizzata dalla presenza del Santuario per i cetacei, ma anche di praterie di posidonia, pesci di ogni tipo e coralli rossi\". Lo ha detto l'assessore regionale della Difesa dell\u2019ambiente, Marco Porcu, durante l'incontro a Corte con l'assessore dell'ambiente della Regione Corsica, Guy Armanet.<\/p>\n\n\n\n<p>Il Programma Unesco \u201cMan and the Biosphere\" (Mab) individua sul territorio le 'riserve della biosfera', ecosistemi terrestri, marino-costieri o misti, nei quali le comunit\u00e0 locali sono coinvolte nelle attivit\u00e0 di cooperazione scientifica, ricerca interdisciplinare e sostenibilit\u00e0 ambientale, rappresentando esempi di 'buone pratiche' nell'ottica dello sviluppo sostenibile e dell'interazione tra sistema economico-sociale e sistema ecologico.<\/p>\n\n\n\n<p>\"La riserva Mab Unesco \u00e8 uno strumento che consentir\u00e0 di far conoscere le Bocche di Bonifacio in tutto il mondo, senza istituire nuovi vincoli oltre quelli gi\u00e0 vigenti - ha aggiunto l'assessore Porcu - Garantir\u00e0 la conservazione, attraverso la tutela della biodiversit\u00e0 e la realizzazione di reti ecologiche condivise, e la promozione del patrimonio culturale ed ambientale, in un\u2019ottica di economia verde. Per la Sardegna sarebbe particolarmente importante perch\u00e9 riguarda un'area dove si trovano due parchi nazionali, La Maddalena e Asinara, con le rispettive aree protette. Potr\u00e0 contribuire sia alla crescita del turismo che all'incremento dell'attivit\u00e0 economica nel territorio, promuovendo le attivit\u00e0 tradizionali, come agricoltura e artigianato. Inoltre, rafforzerebbe la consapevolezza della necessit\u00e0 di conservare la biodiversit\u00e0 naturale e coltivata, la qualit\u00e0 dell\u2019acqua, degli habitat e delle specie, la diversit\u00e0 culturale, archeologica e del paesaggio\". \"Finora, in Sardegna c'\u00e8 una sola 'riserva della biosfera', Tepilora, Rio Posada e Montalbo, che coinvolge diciassette comuni della zona centro-orientale dell'Isola, con una popolazione di oltre 50.000 abitanti. Mentre \u00e8 in fase di candidatura la 'riserva della biosfera' dei territori del Sarcidano-Barbagia di Seulo\". La Regione intende tutelare le aree particolarmente ricche dal punto di vista ambientale e paesaggistico con strumenti che consentano il giusto equilibrio con la presenza umana\", ha concluso l'Assessore dell'Ambiente<\/p>\n","protected":false},"excerpt":{"rendered":"<p>Corte (Corsica), 21 Lug 2023 &#8211;\u00a0&#8220;Il progetto di istituire un Mab Unesco (programma &#8216;Man and the biosphere&#8217;) transfrontaliero tra la Sardegna e la Corsica, comprendendo&#8230;<\/p>\n","protected":false},"author":2,"featured_media":238495,"comment_status":"closed","ping_status":"open","sticky":false,"template":"","format":"standard","meta":[],"categories":[49,52],"tags":[],"_links":{"self":[{"href":"https:\/\/www.cronacaonline.it\/index.php\/wp-json\/wp\/v2\/posts\/238494"}],"collection":[{"href":"https:\/\/www.cronacaonline.it\/index.php\/wp-json\/wp\/v2\/posts"}],"about":[{"href":"https:\/\/www.cronacaonline.it\/index.php\/wp-json\/wp\/v2\/types\/post"}],"author":[{"embeddable":true,"href":"https:\/\/www.cronacaonline.it\/index.php\/wp-json\/wp\/v2\/users\/2"}],"replies":[{"embeddable":true,"href":"https:\/\/www.cronacaonline.it\/index.php\/wp-json\/wp\/v2\/comments?post=238494"}],"version-history":[{"count":1,"href":"https:\/\/www.cronacaonline.it\/index.php\/wp-json\/wp\/v2\/posts\/238494\/revisions"}],"predecessor-version":[{"id":238496,"href":"https:\/\/www.cronacaonline.it\/index.php\/wp-json\/wp\/v2\/posts\/238494\/revisions\/238496"}],"wp:featuredmedia":[{"embeddable":true,"href":"https:\/\/www.cronacaonline.it\/index.php\/wp-json\/wp\/v2\/media\/238495"}],"wp:attachment":[{"href":"https:\/\/www.cronacaonline.it\/index.php\/wp-json\/wp\/v2\/media?parent=238494"}],"wp:term":[{"taxonomy":"category","embeddable":true,"href":"https:\/\/www.cronacaonline.it\/index.php\/wp-json\/wp\/v2\/categories?post=238494"},{"taxonomy":"post_tag","embeddable":true,"href":"https:\/\/www.cronacaonline.it\/index.php\/wp-json\/wp\/v2\/tags?post=238494"}],"curies":[{"name":"wp","href":"https:\/\/api.w.org\/{rel}","templated":true}]}}