{"id":238482,"date":"2023-07-21T11:10:57","date_gmt":"2023-07-21T09:10:57","guid":{"rendered":"https:\/\/www.cronacaonline.it\/?p=238482"},"modified":"2023-07-21T11:10:58","modified_gmt":"2023-07-21T09:10:58","slug":"sport-lassessore-biancareddu-a-tempio-incontra-il-cagliari-orgogliosi-del-ritorno-in-serie-a-lo-sport-insegna-ai-giovani-a-inseguire-le-proprie-passioni","status":"publish","type":"post","link":"https:\/\/www.cronacaonline.it\/index.php\/2023\/07\/21\/sport-lassessore-biancareddu-a-tempio-incontra-il-cagliari-orgogliosi-del-ritorno-in-serie-a-lo-sport-insegna-ai-giovani-a-inseguire-le-proprie-passioni\/","title":{"rendered":"Sport, l\u2019assessore Biancareddu a tempio incontra il Cagliari: \u201corgogliosi del ritorno in serie a. Lo sport insegna ai giovani a inseguire le proprie passioni\u201d."},"content":{"rendered":"\n<p>Cagliari, 21 Lug 2023\u00a0\u2013 \u201cCome assessore dello Sport e come tempiese \u00e8 per me un onore avere il Cagliari Calcio ospite a Tempio in questo momento cos\u00ec importante con per la squadra e per la societ\u00e0. Il ritorno in serie A dei rossobl\u00f9 dimostra che lo sport va ogni confine e che con impegno e passione, anche dopo una brutta caduta ci si pu\u00f2 rialzare\u201d.<\/p>\n\n\n\n<p>Lo ha detto l\u2019assessore regionale dello Sport, Andrea Biancareddu, che ieri sera a Tempio Pausania ha incontrato il Cagliari. La squadra, fresca di ritorno nella massima serie dopo la vittoria contro il Bari nel campionato appena concluso, si trova nel capoluogo gallurese per due giornate di allenamento a porte aperte allo stadio \u201cNino Manconi\u201d, tappa intermedia nella preparazione atletica per il prossimo campionato.<\/p>\n\n\n\n<p>\u201cIl Cagliari si \u00e8 dimostrato ancora una volta capace di trasmettere un messaggio di seriet\u00e0 e di sport sano ai pi\u00f9 giovani\u201d ha detto l\u2019assessore dello Sport e della Pubblica Istruzione. \u201cQuesta promozione, non sperata ma spettacolare, ha regalato emozioni fortissime ai tifosi ed \u00e8 un regalo anche per la Regione Sardegna che con orgoglio stasera \u00e8 qui per festeggiarli. Allo stadio di Tempio in queste due giornate si incontrano due livelli calcistici differenti, a dimostrazione del fatto che lo sport \u00e8 alla portata di tutti e si nutre del contatto con la gente. \u00c8 un grande messaggio anche di amicizia e di spirito di squadra che si deve avere anche nella vita. Questi campioni ci insegnano che non si vince solo con la preparazione atletica, servono soprattutto passione e entusiasmo: \u00e8 questo il messaggio positivo dello sport, che ha anche il potere di distogliere i giovani da cattive abitudini e insegnare loro uno stile di vita sano sotto tutti i punti di vista\u201d.<\/p>\n\n\n\n<p>L\u2019assessore Biancareddu ha incontrato i giocatori al Petit Hotel di Tempio ed in seguito si \u00e8 recato insieme ai rossobl\u00f9 verso il centro storico, in Piazza Gallura dove, insieme al sindaco Gianni Addis, ha consegnato al Presidente Giulini, al Mister Ranieri e al capitano Pavoletti delle targhe per premiarli per l\u2019importante traguardo del ritorno in serie A. L\u2019assessore dello Sport ha anche omaggiato la squadra con delle miniature dei Giganti di Mont\u2019e Prama. Oggi la trasferta della squadra continua con una seduta di allenamento a porte aperte nello Stadio Nino Manconi, cui seguir\u00e0 un'amichevole con l\u2019Olbia alle 20 per il Trofeo Sardegna.&nbsp;Com<\/p>\n","protected":false},"excerpt":{"rendered":"<p>Cagliari, 21 Lug 2023\u00a0\u2013 \u201cCome assessore dello Sport e come tempiese \u00e8 per me un onore avere il Cagliari Calcio ospite a Tempio in questo&#8230;<\/p>\n","protected":false},"author":2,"featured_media":238483,"comment_status":"closed","ping_status":"open","sticky":false,"template":"","format":"standard","meta":[],"categories":[49,52],"tags":[],"_links":{"self":[{"href":"https:\/\/www.cronacaonline.it\/index.php\/wp-json\/wp\/v2\/posts\/238482"}],"collection":[{"href":"https:\/\/www.cronacaonline.it\/index.php\/wp-json\/wp\/v2\/posts"}],"about":[{"href":"https:\/\/www.cronacaonline.it\/index.php\/wp-json\/wp\/v2\/types\/post"}],"author":[{"embeddable":true,"href":"https:\/\/www.cronacaonline.it\/index.php\/wp-json\/wp\/v2\/users\/2"}],"replies":[{"embeddable":true,"href":"https:\/\/www.cronacaonline.it\/index.php\/wp-json\/wp\/v2\/comments?post=238482"}],"version-history":[{"count":1,"href":"https:\/\/www.cronacaonline.it\/index.php\/wp-json\/wp\/v2\/posts\/238482\/revisions"}],"predecessor-version":[{"id":238484,"href":"https:\/\/www.cronacaonline.it\/index.php\/wp-json\/wp\/v2\/posts\/238482\/revisions\/238484"}],"wp:featuredmedia":[{"embeddable":true,"href":"https:\/\/www.cronacaonline.it\/index.php\/wp-json\/wp\/v2\/media\/238483"}],"wp:attachment":[{"href":"https:\/\/www.cronacaonline.it\/index.php\/wp-json\/wp\/v2\/media?parent=238482"}],"wp:term":[{"taxonomy":"category","embeddable":true,"href":"https:\/\/www.cronacaonline.it\/index.php\/wp-json\/wp\/v2\/categories?post=238482"},{"taxonomy":"post_tag","embeddable":true,"href":"https:\/\/www.cronacaonline.it\/index.php\/wp-json\/wp\/v2\/tags?post=238482"}],"curies":[{"name":"wp","href":"https:\/\/api.w.org\/{rel}","templated":true}]}}