{"id":238458,"date":"2023-07-20T15:23:42","date_gmt":"2023-07-20T13:23:42","guid":{"rendered":"https:\/\/www.cronacaonline.it\/?p=238458"},"modified":"2023-07-20T15:23:45","modified_gmt":"2023-07-20T13:23:45","slug":"continuita-territoriale-aerea-il-presidente-sardegna-intervento-del-governo-fondamentale-per-far-sentire-piu-forte-la-voce-dei-sardi-in-europa","status":"publish","type":"post","link":"https:\/\/www.cronacaonline.it\/index.php\/2023\/07\/20\/continuita-territoriale-aerea-il-presidente-sardegna-intervento-del-governo-fondamentale-per-far-sentire-piu-forte-la-voce-dei-sardi-in-europa\/","title":{"rendered":"Continuit\u00e0 territoriale aerea, il presidente Sardegna: intervento del governo fondamentale per far sentire pi\u00f9 forte la voce dei sardi in Europa."},"content":{"rendered":"\n<p>Cagliari, 20 Lug 2023 \u2013\u00a0\u201cIl sostegno del Governo nazionale annunciato dai ministri Salvini e Urso su una questione nevralgica come il diritto alla mobilit\u00e0 \u00e8 fondamentale per far sentire pi\u00f9 forte la voce dei sardi in Europa e perch\u00e9 la Regione possa portare avanti il suo modello di continuit\u00e0 territoriale aerea, che sia realmente rispondente alle esigenze dell\u2019intera Isola, alla quale dev\u2019essere garantito il pieno diritto all\u2019accessibilit\u00e0\u201d. Cos\u00ec il presidente della Regione Sardegna, commenta l\u2019annuncio del ministro delle Imprese e del Made in Italy, Adolfo Urso, di un intervento immediato dell\u2019Esecutivo contro il caro-voli e di provvedimenti incentrati sui principi della continuit\u00e0 territoriale.<\/p>\n\n\n\n<p>\u201cBene l\u2019intervento del Governo \u2013 afferma l\u2019assessore regionale dei Trasporti, Antonio Moro \u2013 che rafforza la posizione della Regione in Europa nel chiedere una rivisitazione dei criteri per un aumento dei volumi di traffico residenti, e quindi un incremento delle frequenze dei collegamenti, e un tetto alle tariffe non residenti. Come dimostrano le criticit\u00e0 registrate in questi ultimi giorni, nell\u2019immediato alla Sardegna servono pi\u00f9 voli e una tariffa che non sia lasciata libera e in balia delle politiche di prezzo e di profitto delle compagnie\u201d.&nbsp;Com<\/p>\n","protected":false},"excerpt":{"rendered":"<p>Cagliari, 20 Lug 2023 \u2013\u00a0\u201cIl sostegno del Governo nazionale annunciato dai ministri Salvini e Urso su una questione nevralgica come il diritto alla mobilit\u00e0 \u00e8&#8230;<\/p>\n","protected":false},"author":2,"featured_media":229791,"comment_status":"closed","ping_status":"open","sticky":false,"template":"","format":"standard","meta":[],"categories":[49,52],"tags":[],"_links":{"self":[{"href":"https:\/\/www.cronacaonline.it\/index.php\/wp-json\/wp\/v2\/posts\/238458"}],"collection":[{"href":"https:\/\/www.cronacaonline.it\/index.php\/wp-json\/wp\/v2\/posts"}],"about":[{"href":"https:\/\/www.cronacaonline.it\/index.php\/wp-json\/wp\/v2\/types\/post"}],"author":[{"embeddable":true,"href":"https:\/\/www.cronacaonline.it\/index.php\/wp-json\/wp\/v2\/users\/2"}],"replies":[{"embeddable":true,"href":"https:\/\/www.cronacaonline.it\/index.php\/wp-json\/wp\/v2\/comments?post=238458"}],"version-history":[{"count":1,"href":"https:\/\/www.cronacaonline.it\/index.php\/wp-json\/wp\/v2\/posts\/238458\/revisions"}],"predecessor-version":[{"id":238459,"href":"https:\/\/www.cronacaonline.it\/index.php\/wp-json\/wp\/v2\/posts\/238458\/revisions\/238459"}],"wp:featuredmedia":[{"embeddable":true,"href":"https:\/\/www.cronacaonline.it\/index.php\/wp-json\/wp\/v2\/media\/229791"}],"wp:attachment":[{"href":"https:\/\/www.cronacaonline.it\/index.php\/wp-json\/wp\/v2\/media?parent=238458"}],"wp:term":[{"taxonomy":"category","embeddable":true,"href":"https:\/\/www.cronacaonline.it\/index.php\/wp-json\/wp\/v2\/categories?post=238458"},{"taxonomy":"post_tag","embeddable":true,"href":"https:\/\/www.cronacaonline.it\/index.php\/wp-json\/wp\/v2\/tags?post=238458"}],"curies":[{"name":"wp","href":"https:\/\/api.w.org\/{rel}","templated":true}]}}