{"id":238450,"date":"2023-07-20T15:18:15","date_gmt":"2023-07-20T13:18:15","guid":{"rendered":"https:\/\/www.cronacaonline.it\/?p=238450"},"modified":"2023-07-20T15:18:17","modified_gmt":"2023-07-20T13:18:17","slug":"collegato-alla-manovra-finanziaria-2023-2025-approvato-il-passaggio-agli-articoli-entro-martedi-25-luglio-alle-16-00-la-presentazione-degli-emendamenti-mercoledi-26-aula","status":"publish","type":"post","link":"https:\/\/www.cronacaonline.it\/index.php\/2023\/07\/20\/collegato-alla-manovra-finanziaria-2023-2025-approvato-il-passaggio-agli-articoli-entro-martedi-25-luglio-alle-16-00-la-presentazione-degli-emendamenti-mercoledi-26-aula\/","title":{"rendered":"Collegato alla manovra finanziaria 2023-2025: approvato il passaggio agli articoli. Entro marted\u00ec 25 luglio, alle 16.00, la presentazione degli emendamenti. Mercoled\u00ec 26 Aula."},"content":{"rendered":"\n<p>Cagliari 20 Lug 2023\u00a0La seduta del Consiglio regionale della Sardegna \u00e8 stata aperta dal presidente Michele Pais. Dopo le formalit\u00e0 di rito il Consiglio ha iniziato l\u2019esame dell\u2019ordine del giorno con la discussione generale del Dl n.373 (Collegato alla Finanziaria).<\/p>\n\n\n\n<p>Primo intervento del dibattito, quello del consigliere Daniele Cocco (AeV), che ha parlato di un disegno di legge cambiato pi\u00f9 volte dal suo ingresso in commissione, fino a diventare un qualcosa di completamente diverso rispetto al testo della Giunta. Per cui, ha continuato, se si voleva provare dare alcune risposte mai arrivate, ora siamo di fronte ad una legge insufficiente da riscrivere daccapo. Fra i tanti impegni assunti ed ignorati pur facendo parte di atti e leggi approvate del Consiglio, ha evidenziato Cocco, ci sono le graduatorie Aspal e Laore, che come altre agenzie regionali hanno grande bisogno di personale. Esaminando il testo, ha concluso, emerger\u00e0 la necessit\u00e0 di profondi interventi migliorativi non solo in materia di lavoro ma anche di sanit\u00e0 ed ambiente.<\/p>\n\n\n\n<p>Prendendo la parola sull\u2019ordine dei lavori il capogruppo della Lega Michele Ennas ha chiesto chiarimento sullo svolgimento della seduta.<\/p>\n\n\n\n<p>Il presidente ha chiarito che si proceder\u00e0 secondo il regolamento e, in particolare, le iscrizioni a parlare saranno raccolte dalla segretaria generale mentre, per quanto concerne gli emendamenti, potranno essere presentati entro il termine della discussione generale, salvo diverse decisioni dei capigruppo.<\/p>\n\n\n\n<p>Sempre sull\u2019ordine dei lavori, il consigliere sardista Franco Mula ha proposto di stabilire il termine quanto prima, attraverso la conferenza dei capigruppo, da convocare quanto prima.<\/p>\n\n\n\n<p>Il presidente Pais ha ribadito i passaggi regolamentari e la possibilit\u00e0 di introdurre deroghe in base alla decisione dei capigruppo.<\/p>\n\n\n\n<p>Proseguendo la discussione, il consigliere Gianfranco Satta (Progressisti) ha affermato che, dopo lunghissima attesa, il Collegato arriva in Aula ma fuori tempo massimo, forse perch\u00e9 la maggioranza ha trovato la quadra ma ho molti dubbi ed inoltre, quanto ai collegamenti alla manovra di bilancio approvata a febbraio, si fatica a vedere un legame considerando che si potrebbe andare oltre l\u2019estate. La legge, secondo Satta, di fatto \u00e8 diventata il grande contenitore di quanto non inserito nella finanziaria e suo tempo ma il vero problema \u00e8 che adesso i nodi arriveranno al pettine e sono nodi pesanti: a 170 giorni dalla finanziaria non c\u2019\u00e8 neanche un decreto attuativo, resta la grande incertezza sul piano casa dopo la sentenza della Corte Costituzionale, sul riordino degli Enti locali, e sulle 10 grandi opere pubbliche commissariate ma ferme. Non ci si poteva aspettare niente di diverso, ha concluso, considerando che il Consiglio regionale della Sardegna, nel 2023, ha approvato soltanto 6 leggi, il peggiore d\u2019Italia.<\/p>\n\n\n\n<p>Per il M5S Roberto Li Gioi ha ricordato che, in concreto, 167 giorni dopo la finanziaria, non \u00e8 successo niente nonostante le solite promesse, anzi in questo periodo si \u00e8 assistito a sedute di commissione andate deserte per gli scontri fratricidi della maggioranza, al via libera in un attimo all\u2019autonomia differenziata senza dibattito in Consiglio, alla trasformazione della giornata de \u201cSa Die\u201d in una apologia della differenziata, alla nomina del presidente&nbsp;&nbsp;Pais \u201csuper partes\u201d a coordinatore della Lega, al grave scollamento fra Giunta, Consiglio e, ai soliti annunci su ospedali e stadi con allegati incarichi di progettazione, alla \u201cpasserella\u201d di Salvini con inaugurazioni a met\u00e0, ad emendamenti riciclati dopo lo stralcio in commissione bilancio, frutto del terrore della \u201cnon rielezione\u201d e, nello stesso tempo, di acchiappare le ultime prebende.<\/p>\n\n\n\n<p>Su tutto, ha detto infine, una cassa passata da qualche centinaio di milioni a quasi 3 miliardi, dato che fa capire la misura nell\u2019incapacit\u00e0 del governo regionale e proietta un\u2019ombra preoccupante su tutto, a partire dal Pnrr, con effetti negativi sulla Sardegna dei prossimi 30 anni.<\/p>\n\n\n\n<p>Desir\u00e8 Manca, esponente del M5S, ha sostenuto che alla fine della legislatura c\u2019\u00e8 molto bisogno di uscire dal solito gioco delle parti fra maggioranza ed opposizione. Noi, ha ricordato, abbiamo sempre cercato di contribuire ad alcune grandi scelte della maggioranza nell\u2019interesse dei sardi come il fondo \u201cResisto\u201d introdotto durante la pandemia, abbiamo sempre cercato di collaborare su singoli provvedimenti urgenti in circostanze difficili ma ora, dopo tre anni, la realt\u00e0 ci dice alcune cose molto gravi.<\/p>\n\n\n\n<p>Il capogruppo dei Progressisti Francesco Agus ha parlato di discussione surreale a proposito di una legge che doveva essere approvata in pieno inverno e invece \u00e8 scivolata fino all\u2019estate. Ammesso e non concesso che si arrivi in tempo, ha detto ancora Agus, questa legge \u00e8 un&nbsp;pour parler&nbsp;in attesa di nuovi equilibri ma il vero problema \u00e8 che questa operazione si fa sulla pelle di tutti. Nel merito, ha poi ricordato, \u00e8 stato un errore non stralciare le norme sulla sanit\u00e0 come avevamo chiesto venendo incontro alle richiesta dello stesso assessorato e lo slittamento dei tempi da aprile a luglio mette a rischio una parte importante del mondo della produzione e del lavoro. Per giunta, ha ipotizzato il consigliere, sar\u00e0 veramente difficile andare avanti con un testo di ben 80 articoli sui quali saranno presentati gli emendamenti pi\u00f9 improbabili, come la riapertura al pascolo che farebbe saltare il lavoro della Regione contro la peste suina da 10 anni a questa parte, o alcune proposte irricevibili sul piano casa.<\/p>\n\n\n\n<p>Dopo Agus ha preso la parola per Cinque stelle il capogruppo Alessandro Solinas, che ha definito \u201ctragicomico il giudizio che i sardi hanno dell\u2019attivit\u00e0 di questa maggioranza e di questa giunta. E anche io mi sento un po\u2019 a disagio a intervenire nella discussione di un provvedimento che bollina e certifica il vostro fallimento politico. Dubito che sotto la faccia di Giorgia Meloni tra pochi mesi ci sar\u00e0 il nome di Solinas ma ormai non diamo pi\u00f9 nulla per scontato\u201d.<\/p>\n\n\n\n<p>Per l\u2019oratore \u201cla Regione \u00e8 immobilizzata dall\u2019incompetenza e non riesce a spendere ma non \u00e8 il suo unico problema quando multinazionali con migliaia di dipendenti danno l\u2019assalto per le pale eoliche o il fotovoltaico a comuni di pochi abitanti\u201d.<\/p>\n\n\n\n<p>Per Eugenio Lai (Rossoverdi) \u201c\u00e8 svilente che per un collegato che si attende da sette mesi prenda la parola soltanto l\u2019opposizione. Non esiste una discussione ma un insieme di emendamenti a una legge che a dir poco \u00e8 distante dalle necessit\u00e0 dei sardi. Questo non \u00e8 il collegato alla Finanziaria ma lo scollegato dai sardi, un insieme di articoli messi assieme che non hanno nulla a che fare con i problemi pi\u00f9 importanti, su tutti l\u2019emergenza sanitaria. Il piano casa era il vostro cavallo di battaglia e manco su questo riuscite a portare a casa il risultato visto che la norma che state approvando danneggia famiglie e imprese\u201d.<\/p>\n\n\n\n<p>A seguire Gianfranco Ganau, capogruppo del Pd, ha preso la parola elencando tutte le materie sulle quali interviene, per disciplinarle, il collegato alla Finanziaria e ha detto: \u201cSiamo davanti a 88 articoli e centinaia di emendamenti della maggioranza e della Giunta a un provvedimento pasticciato, illeggibile e difficilmente applicabile. Una prassi legislativa scorretta che non ci stancheremo mai di denunciare\u201d.<\/p>\n\n\n\n<p>Per la Giunta l\u2019assessore Fasolino che ha detto: \u201cNon posso rispondere a interventi politici che ripercorrono con giudizi soggettivi cinque anni di governo. Mi limito a dire che questo collegato serve ad effettuare una semplificazione normativa per consentire agli assessorato di spendere meglio e prima le risorse. E\u2019 giusto dire che oggi il collegato \u00e8 scollegato perch\u00e9 sono passati mesi dall\u2019approvazione della Finanziaria\u201d. L\u2019assessore ha invitato il Consiglio all\u2019approvazione rapida del testo ma ha offerto una disponibilit\u00e0, rivolto all\u2019opposizione: \u201cCon l\u2019assestamento di bilancio, con la variazione successiva abbiamo la possibilit\u00e0 di dare risposte concrete&nbsp;ai sardi, come suggerito anche dall\u2019onorevole Lai. Non ne vale la pena di perdere troppo tempo con questo collegato tardivo\u201d.<\/p>\n\n\n\n<p>Il presidente ha sospeso la seduta e ha convocato una conferenza di capigruppo.<\/p>\n\n\n\n<p>Alla ripresa il presidente Pais ha comunicato che per marted\u00ec 25 luglio alle 16 \u00e8 fissato il termine per il deposito degli emendamenti mentre per mercoled\u00ec 26 alle 17 \u00e8 convocato il Consiglio.<\/p>\n\n\n\n<p>Dopo che l\u2019Aula ha approvato il passaggio agli articoli, il presidente ha dichiarato conclusa la seduta.&nbsp;Com<\/p>\n","protected":false},"excerpt":{"rendered":"<p>Cagliari 20 Lug 2023\u00a0La seduta del Consiglio regionale della Sardegna \u00e8 stata aperta dal presidente Michele Pais. Dopo le formalit\u00e0 di rito il Consiglio ha&#8230;<\/p>\n","protected":false},"author":2,"featured_media":191710,"comment_status":"closed","ping_status":"open","sticky":false,"template":"","format":"standard","meta":[],"categories":[49,52],"tags":[],"_links":{"self":[{"href":"https:\/\/www.cronacaonline.it\/index.php\/wp-json\/wp\/v2\/posts\/238450"}],"collection":[{"href":"https:\/\/www.cronacaonline.it\/index.php\/wp-json\/wp\/v2\/posts"}],"about":[{"href":"https:\/\/www.cronacaonline.it\/index.php\/wp-json\/wp\/v2\/types\/post"}],"author":[{"embeddable":true,"href":"https:\/\/www.cronacaonline.it\/index.php\/wp-json\/wp\/v2\/users\/2"}],"replies":[{"embeddable":true,"href":"https:\/\/www.cronacaonline.it\/index.php\/wp-json\/wp\/v2\/comments?post=238450"}],"version-history":[{"count":1,"href":"https:\/\/www.cronacaonline.it\/index.php\/wp-json\/wp\/v2\/posts\/238450\/revisions"}],"predecessor-version":[{"id":238451,"href":"https:\/\/www.cronacaonline.it\/index.php\/wp-json\/wp\/v2\/posts\/238450\/revisions\/238451"}],"wp:featuredmedia":[{"embeddable":true,"href":"https:\/\/www.cronacaonline.it\/index.php\/wp-json\/wp\/v2\/media\/191710"}],"wp:attachment":[{"href":"https:\/\/www.cronacaonline.it\/index.php\/wp-json\/wp\/v2\/media?parent=238450"}],"wp:term":[{"taxonomy":"category","embeddable":true,"href":"https:\/\/www.cronacaonline.it\/index.php\/wp-json\/wp\/v2\/categories?post=238450"},{"taxonomy":"post_tag","embeddable":true,"href":"https:\/\/www.cronacaonline.it\/index.php\/wp-json\/wp\/v2\/tags?post=238450"}],"curies":[{"name":"wp","href":"https:\/\/api.w.org\/{rel}","templated":true}]}}