{"id":238430,"date":"2023-07-19T20:14:34","date_gmt":"2023-07-19T18:14:34","guid":{"rendered":"https:\/\/www.cronacaonline.it\/?p=238430"},"modified":"2023-07-19T20:14:38","modified_gmt":"2023-07-19T18:14:38","slug":"tortoli-inaugurato-loratorio-lassessore-salaris-consegnato-alla-comunita-un-importante-centro-di-aggregazione-finanziato-dalla-regione-con-oltre-1-milione-di-euro","status":"publish","type":"post","link":"https:\/\/www.cronacaonline.it\/index.php\/2023\/07\/19\/tortoli-inaugurato-loratorio-lassessore-salaris-consegnato-alla-comunita-un-importante-centro-di-aggregazione-finanziato-dalla-regione-con-oltre-1-milione-di-euro\/","title":{"rendered":"Tortol\u00ec, inaugurato l\u2019oratorio. L\u2019assessore Salaris: \u201cconsegnato alla comunit\u00e0 un importante centro di aggregazione finanziato dalla regione con oltre 1 milione di euro\u201d."},"content":{"rendered":"\n<p>Cagliari, 19 Lug 2023 \u2013\u00a0\u00c8 stato inaugurato oggi alla presenza dell\u2019Assessore degli Enti locali, Aldo Salaris, dei rappresentanti del Comune di Tortol\u00ec, del Monsignor Antonello Mura e delle autorit\u00e0 civili e militari, l\u2019Oratorio interparrochiale (Chiesa San Giuseppe, Chiesa di Sant\u2019Andrea, Chiesa di San Giorgio) \u201cAmoris Laetitia\u201d realizzato nel comprensorio della Caritas Diocesana di Tortol\u00ec.<\/p>\n\n\n\n<p>\u201cAbbiamo consegnato alla comunit\u00e0 un importante centro di incontro, formazione, educazione. Si tratta di una struttura capace di accogliere ragazzi e ragazze in un\u2019ottica di condivisione, dialogo e confronto, elementi imprescindibili per costruire la societ\u00e0 del domani\u201d, ha spiegato l\u2019Assessore degli Enti locali, Aldo Salaris. \u201cDa questo momento la comunit\u00e0 di Tortol\u00ec pu\u00f2 contare su un importante centro di aggregazione sociale che tra le altre cose accrescer\u00e0 il valore della cultura e dello sport inglobandoli nel tempo libero a disposizione dei ragazzi. Il nuovo oratorio \u00e8 una di quelle strutture che consideriamo di fondamentale importanza perch\u00e9 in grado di favorire una sana qualit\u00e0 della vita. Siamo orgogliosi, come Regione, di aver contribuito economicamente per il 90% alla realizzazione dell\u2019Oratorio\u201d.<\/p>\n\n\n\n<p>La struttura, finanziata con fondi regionali per 1.350.000 per un valore complessivo di 1.700.000 (350mila euro di compartecipazione da parte della Diocesi di Lanusei), \u00e8 stata realizzata e attrezzata con i pi\u00f9 moderni e innovativi strumenti ed \u00e8 dotata di palestra e campi da gioco in grado di ospitare le diverse discipline sportive, dal padel al basket, dalla pallavolo al calcio; spazio musicale, sala da disegno e molto altro.<\/p>\n\n\n\n<p>L\u2019obiettivo della Regione attraverso l\u2019Assessorato degli Enti locali \u00e8 quello di prevenire forme di disagio anche mediante la pianificazione e l'implementazione di misure e azioni di contrasto alle condizioni di emarginazione sociale nell'ambito delle quali rivestono particolare rilievo i centri di aggregazione e formazione sociale. L\u2019oratorio inaugurato oggi a Tortol\u00ec rester\u00e0 aperto tutto l\u2019anno.&nbsp;Com<\/p>\n","protected":false},"excerpt":{"rendered":"<p>Cagliari, 19 Lug 2023 \u2013\u00a0\u00c8 stato inaugurato oggi alla presenza dell\u2019Assessore degli Enti locali, Aldo Salaris, dei rappresentanti del Comune di Tortol\u00ec, del Monsignor Antonello&#8230;<\/p>\n","protected":false},"author":2,"featured_media":228432,"comment_status":"closed","ping_status":"open","sticky":false,"template":"","format":"standard","meta":[],"categories":[49,52],"tags":[],"_links":{"self":[{"href":"https:\/\/www.cronacaonline.it\/index.php\/wp-json\/wp\/v2\/posts\/238430"}],"collection":[{"href":"https:\/\/www.cronacaonline.it\/index.php\/wp-json\/wp\/v2\/posts"}],"about":[{"href":"https:\/\/www.cronacaonline.it\/index.php\/wp-json\/wp\/v2\/types\/post"}],"author":[{"embeddable":true,"href":"https:\/\/www.cronacaonline.it\/index.php\/wp-json\/wp\/v2\/users\/2"}],"replies":[{"embeddable":true,"href":"https:\/\/www.cronacaonline.it\/index.php\/wp-json\/wp\/v2\/comments?post=238430"}],"version-history":[{"count":1,"href":"https:\/\/www.cronacaonline.it\/index.php\/wp-json\/wp\/v2\/posts\/238430\/revisions"}],"predecessor-version":[{"id":238431,"href":"https:\/\/www.cronacaonline.it\/index.php\/wp-json\/wp\/v2\/posts\/238430\/revisions\/238431"}],"wp:featuredmedia":[{"embeddable":true,"href":"https:\/\/www.cronacaonline.it\/index.php\/wp-json\/wp\/v2\/media\/228432"}],"wp:attachment":[{"href":"https:\/\/www.cronacaonline.it\/index.php\/wp-json\/wp\/v2\/media?parent=238430"}],"wp:term":[{"taxonomy":"category","embeddable":true,"href":"https:\/\/www.cronacaonline.it\/index.php\/wp-json\/wp\/v2\/categories?post=238430"},{"taxonomy":"post_tag","embeddable":true,"href":"https:\/\/www.cronacaonline.it\/index.php\/wp-json\/wp\/v2\/tags?post=238430"}],"curies":[{"name":"wp","href":"https:\/\/api.w.org\/{rel}","templated":true}]}}