{"id":238428,"date":"2023-07-19T17:47:21","date_gmt":"2023-07-19T15:47:21","guid":{"rendered":"https:\/\/www.cronacaonline.it\/?p=238428"},"modified":"2023-07-19T17:47:22","modified_gmt":"2023-07-19T15:47:22","slug":"consiglio-sardegna-nuovi-presidi-ospedalieri-concluso-il-dibattito-sulle-mozioni-maggioranza-e-opposizione-provano-lintesa-su-un-odg-unitario","status":"publish","type":"post","link":"https:\/\/www.cronacaonline.it\/index.php\/2023\/07\/19\/consiglio-sardegna-nuovi-presidi-ospedalieri-concluso-il-dibattito-sulle-mozioni-maggioranza-e-opposizione-provano-lintesa-su-un-odg-unitario\/","title":{"rendered":"Consiglio Sardegna &#8211; Nuovi presidi ospedalieri, concluso il dibattito sulle mozioni. Maggioranza e opposizione provano l\u2019intesa su un odg unitario."},"content":{"rendered":"\n<p>Cagliari 19 Lug 2023 \u2013 Il presidente Pais ha aperto la seduta di questa mattina del Consiglio regionale e dopo la formalit\u00e0 di rito ha sospeso i lavori. Alla ripresa il presidente Pais ha chiesto un minuto di silenzio per ricordare la strage di via D\u2019Amelio (19 luglio 1992) costata la vita al magistrato antimafia Paolo Borsellino e a cinque agenti della scorta.<\/p>\n\n\n\n<p>A seguire \u00e8 iniziata la discussione delle mozioni 652 (Moriconi), 653 (Agus), 654, 655, 656 e 658, gi\u00e0 illustrate nella scorsa seduta, alla presenza del presidente della Regione, Solinas.<\/p>\n\n\n\n<p>Il primo a parlare \u00e8 stato Michele Ciusa (Cinque Stelle) che ha definito la Sanit\u00e0 \u201cun\u2019emergenza alla quale va data risposta. \u00c8 grottesco che si parli di edilizia sanitaria quando i problemi sono le liste d\u2019attesa interminabili e altri problemi organizzativi che sono sotto gli occhi di tutti. In questo senso la pandemia nulla c\u2019entra e invece voi continuate ad evocarla per coprire le vostre manchevolezze\u201d.<\/p>\n\n\n\n<p>Per Rossella Pinna (Pd) \u201call\u2019assessore Doria non sar\u00e0 sfuggito che dai banchi della maggioranza non si \u00e8 sentita nemmeno una voce a difesa della delibera di Giunta. Quale sar\u00e0 il destino del Marino e del Santissima Trinit\u00e0 di Cagliari? Nessuno sa nulla, mistero. E mistero anche sulle retromarce per i lavori al Brotzu dopo la delibera che fermava il cantiere. Per non parlare delle risorse: dove sono quelle che servono per fare il nuovo ospedale di Cagliari?\u201d.<\/p>\n\n\n\n<p>Sempre dai banchi di Cinque Stelle Li Gioi ha ricordato le parole di contrariet\u00e0 della maggioranza contro la delibera di Giunta e ha detto: \u201cA ciascuno il suo zuccherino, leghisti e sardisti ora sono tutti d\u2019accordo dopo tutte le perplessit\u00e0 e accuse sulla stampa. Ma mi chiedo cosa abbia fugato i dubbi dei consiglieri di maggioranza ribelli? Nulla, ovviamente. Siamo alla becera campagna elettorale\u201d.<\/p>\n\n\n\n<p>Per i Rossoverdi Orr\u00f9 ha esordito dicendo che \u201cla Regione \u00e8 paralizzata per colpa vostra e siete ultimi in graduatoria per gradimento. Revocate immediatamente della delibera della Giunta, in totale contraddizione con gli atti pianificatori e di programmazione\u201d.<\/p>\n\n\n\n<p>Per la Lega Sardegna Ignazio Manca ha difeso la Giunta: \u201c\u00c8 evidente che siamo davanti a una strumentalizzazione politica contro la giunta sardo leghista dopo che negli ultimi 20 anni sono stati tagliati 40 miliardi di euro alla Sanit\u00e0 pubblica italiana, come denuncia lo stesso Landini\u201d.<\/p>\n\n\n\n<p>A seguire Antonello Peru (Sardegna al centro) ha detto che \u201cspesso noi caschiamo nel gioco dell\u2019opposizione. Chi non \u00e8 d\u2019accordo sul realizzare ospedali che siano funzionali? In tutti questi anni ho ribadito questa mia posizione al presidente della Regione, in privato e in pubblico\u201d.<\/p>\n\n\n\n<p>Dall\u2019opposizione Massimo Zedda (Progressisti) ha ricordato la notizia secondo cui il nuovo ospedale di Cagliari deve sorgere in una zona ad alto rischio idrogeologico o accanto al nuovo stadio Sant\u2019Elia. \u201c\u00c8 evidente che siamo davanti a un enorme pressapochismo nella preparazione di queste delibere, che non tiene conto di molte cose e di molte norme giuridiche\u201d.<\/p>\n\n\n\n<p>Desir\u00e8 Manca (M5S) ha salutato il Presidente della Regione che oggi \u2013 ha detto - \u00e8 venuto a trovarci per sostituire l\u2019assessore Doria.&nbsp; Oggi parliamo di sanit\u00e0, un argomento che ha visto il Presidente della Sardegna protagonista per la delibera sulla costruzione dei quattro nuovi ospedali.&nbsp;In verit\u00e0 i nuovi ospedali \u2013 ha continuato Desir\u00e8 Manca \u2013 erano previsti anche nelle&nbsp;linee programmatiche e oggi dopo 4 anni e mezzo di legislatura, o meglio di vuoto politico, riemergono. La costruzione di nuovi ospedali, una sorta di \u201cscatole vuote\u201d \u00e8 solo una manovra elettorale per spostare l\u2019attenzione sui vari problemi della sanit\u00e0. Rivolgendosi sempre al Presidente Solinas, la consigliera Manca ha chiesto: lo sa che il 23% dei sardi rinuncia alle cure, percentuale molto pi\u00f9 alta del resto&nbsp;d\u2019italia che si attesta sull\u2019 11%?<\/p>\n\n\n\n<p>Eugenio Lai (Alleanza Europa Verde \u2013 Sinistra \u2013 Possibile \u2013 Art.1) ha detto che questa&nbsp;legislatura \u00e8 una perdita di tempo e che questa maggioranza deve avere il coraggio di \u201cstaccare la spina\u201d. Credo \u2013 ha affermato Lai \u2013 che l\u2019appello delle opposizioni perch\u00e9 si ritiri la confusa delibera&nbsp;sulla costruzione dei nuovi ospedali sia una richiesta dell\u2019intera Sardegna.<\/p>\n\n\n\n<p>Francesco Agus (Capogruppo dei Progressisti) in apertura di intervenendo si \u00e8 scusato per le parole utilizzate durante la conferenza informale dei capigruppo&nbsp;di&nbsp;ieri in cui ha definito \u201cspregevole\u201d il comunicato dell\u2019assessorato alla sanit\u00e0 sul tema del microcitemico.&nbsp; Entrando nel merito della delibera del&nbsp;presidente sardo sulla costruzione dei quattro nuovi ospedali, Agus ha chiesto chiarezza sui tempi, sui metodi, sulla realizzazione del progetto che dovrebbe essere presentato tra 11 giorni (la delibera indicava il termine di 60 gg dall\u2019approvazione della delibera) ma su cui non c\u2019\u00e8 stato nessun affidamento ufficiale, solo qualche articolo di stampa che individua una ditta esterna che, tra l\u2019altro, risulta avere avuto pi\u00f9 volte contatti con l\u2019assessorato alla sanit\u00e0 prima della delibera.<\/p>\n\n\n\n<p>Annalisa Mele (capogruppo Riformatori sardi) ha sostenuto che il tema che si sta affrontando riveste un\u2019importanza cruciale per il futuro della sanit\u00e0 sarda. \u00c8 una storica occasione. La sanit\u00e0 sarda deve stare al passo con i tempi e con il progresso tecnologico.<\/p>\n\n\n\n<p>Per Alessandro Solinas (capogruppo del M5S) oggi il tema pi\u00f9 che sanitario riguarda la scelta del prossimo candidato alla Presidenza della Regione. Davanti alla situazione attuale si tratta da parte della maggioranza di pochezza istituzionale, di sprezzo verso il processo democratico, di scarsa abitudine al confronto.<\/p>\n\n\n\n<p>Il capogruppo di Alleanza Europa Verde Daniele Cocco si \u00e8 detto vicino al presidente Solinas ma solo perch\u00e9 Salvini non ne ha mai azzeccata una, praticando il solito gioco sporco che, nel caso, non porter\u00e0 alla sua ricandidatura. Per quanto riguarda il merito, ha aggiunto Cocco, noi abbiamo sempre lavorato su sanit\u00e0 sarda con proposte di soluzioni ma la realt\u00e0 \u00e8 che i sardi ormai hanno rinunciato a curarsi, le liste d\u2019attesa sono praticamente inutili, molte risorse non sono state utilizzate o addirittura restituite, alcune strutture tecnologiche sono ferme per mancanza di personale mentre molti addetti hanno compiti amministrativi.<\/p>\n\n\n\n<p>Per il gruppo Psd\u2019Az Domenico Gallus \u00e8 giusto riconoscere la difficile situazione della sanit\u00e0 sarda ma corre rinnovare la fiducia al presidente anche sulle coperture finanziarie. Soffermandosi su alcune grandi questioni concrete come quella che ha riguardato il Microcitemico e le sue due specialit\u00e0 (pediatria e centro trapianti), Gallus ha ricordato che i responsabili, sentiti in commissione Sanit\u00e0, hanno definito chiaramente ingestibile una situazione che stabilisce la dipendenza con la Asl n.8 anzich\u00e9 con il Brotzu come avveniva in precedenza.<\/p>\n\n\n\n<p>Il capogruppo del Pd Gianfranco Ganau ha tenuto a precisare in apertura che il suo gruppo non siamo contrari a realizzare nuovi ospedali dove servono, ma \u00e8 contrario alle superficialit\u00e0, agli spot elettorali che promettono miracoli mentre per l\u2019ospedale di S.Gavino si aspetta da vent\u2019anni; fra altro ci sono anche atti programmatori della precedente Giunta su Alghero e Cagliari molto diversi per contenuto che sarebbe sbagliato tralasciare. Oggi, ha proseguito Ganau, la stessa maggioranza rivendica il ruolo del Consiglio e d\u00e0 schiaffi pesanti alla Giunta anche se alla fine non chiede, come noi, il ritiro della delibera. Ho letto tutte le mozioni e chiedono le stesse cose, ha commentato il capogruppo del Pd, per\u00f2 \u00e8 chiaro che non si pu\u00f2 prescindere dalla riorganizzazione della rete ospedaliera, non si pu\u00f2 sorvolare sul tema delle coperture prive di riferimenti in bilancio, non si pu\u00f2 bloccare il progetto della \u201cpiastra\u201d del Brotzu come quello del materno infantile di Sassari.<\/p>\n\n\n\n<p>Illustrando la posizione della Giunta il presidente della Sardegna ha dichiarato che il dibattito del Consiglio si \u00e8 rivelato ben pi\u00f9 ampio del tema ospedali anche per le \u201cinfluenze\u201d della campagna elettorale e, di conseguenza, le mozioni hanno in qualche modo restituito un canovaccio teatrale in cui l\u2019utilizzo dello schema \u201cdomande-risposte\u201d richiede poi un intervento per riportare le cose su un binario di verit\u00e0. Rispondendo agli interventi di due esponenti del movimento cinque stelle, il Governatore, ha rimproverato ad Alessandro Solinas il termine \u201caccozzaglia\u201d per definire il centro destra, ricordando che il suo partito \u00e8 ora alleato col \u201cpartito di Bibbiano\u201d, e a Michele Ciusa che il piano di investimenti di cui di discute era gi\u00e0 presente nella riforma votata a suo tempo dal Consiglio regionale, fermo restano che poi non \u00e8 che i partiti ora all\u2019opposizione non abbiano governato.<\/p>\n\n\n\n<p>Solinas ha quindi invitato tutti a tornare ai fatti, ponendo una domanda: rispetto al progetto presentato del quale si chiede il ritiro c\u2019\u00e8 una alternativa o il nulla? Non bisogna confondere piani e problemi diversi: da un lato c\u2019\u00e8 la grande carenza di personale ma questo \u00e8 un dato nazionale, \u00e8 di tutto il Paese come dicono tutti i governatori, poi c\u2019\u00e8 lo specifico della Sardegna dove noi abbiamo assunto medici (limitando l\u2019errore del numero chiuso), prima c\u2019erano 29 borse di studio e molte scuole di specializzazione chiuse, oggi ce ne sono 259 e vedremo i risultati in prospettiva nei prossimi cinque anni, e perci\u00f2 non ci saranno scatole vuote.&nbsp; Quanto agli uffici regionali, ha ricordato il presidente, che la soluzione dello \u201cstallaggio Meloni\u201d su viale Trieste fu di Luigi Cogodi poi confermata da tutte le giunte successive e, tornando sugli ospedali, ha osservato che ipotizzare interventi di ristrutturazione con i pazienti \u201cdentro\u201d \u00e8 una soluzione estrema mentre \u00e8 senz\u2019altro pi\u00f9 corretto realizzare nuove opere e nello stesso tempo fare buone ristrutturazioni. Sullo stadio non c\u2019\u00e8 nessuno scontro con il Comune, ha aggiunto Solinas, e del resto non siamo stati noi a dire che il S. Elia era vecchio, il Brotzu \u00e8 degli anni \u201970 e viene ristrutturato, non capisco perch\u00e9 non si possa fare anche per lo stadio. In altre parole, ha sintetizzato, il programma di edilizia sanitaria \u00e8 quello di una maggioranza che, per la prima volta dopo 50 anni, pianifica 4 grandi nuovi ospedali con coperture, non con una delibera ma con uno studio di fattibilit\u00e0 che chiarir\u00e0 dimensioni, posti letto, servizi e costi fino a 1.5 miliardi. Daremo ai sardi il meglio dell\u2019edilizia sanitaria a livello internazionale, ha concluso il presidente, mentre sul territorio si proseguir\u00e0 con strutture-filtro necessarie per la continuit\u00e0 assistenziale che certamente \u00e8 ancora da costruire ma non per responsabilit\u00e0 di questa maggioranza: sar\u00e0 un grande progetto per il futuro, con senso della prospettiva.<\/p>\n\n\n\n<p>Successivamente hanno preso la parola, per la replica, i presentatori della mozioni.<\/p>\n\n\n\n<p>Cesare Moriconi, del Pd, si \u00e8 dichiarato totalmente insoddisfatto rimproverando al presidente di aver voluto divagare rispetto ai temi principali delle mozioni delle opposizioni e della stessa maggioranza. Il Consiglio non fa canovacci, ha affermato, magari usa espressioni forti in discussioni aperte e franche. Nel merito Moriconi ha contestato che la delibera della Giunta sia \u201cfiglia\u201d della riforma che, invece, impegnava la Giunta entro 60 giorni ad adottare un piano di investimenti ospedalieri arrivato nei fatti dopo ben tre anni.<\/p>\n\n\n\n<p>Ha quindi preso la parola il capogruppo dei Progressisti Francesco Agus, primo firmatario della mozione n.653 che, come Moriconi, ha manifestato la propria insoddisfazione per le argomentazioni portate in aula dal presidente della Regione. \u00abNel suo discorso ci sono due effetti stranianti \u2013 ha detto Agus rivolgendosi al capo dell\u2019esecutivo - il primo \u00e8 che ha fatto fa un discorso come se fossimo nel 2019 e invece siamo nel 2023. Chi \u00e8 stato lento siete stati voi.<\/p>\n\n\n\n<p>Alessandra Zedda (Forza Italia), prima firmataria della mozione n.654, ha confermato le perplessit\u00e0 su alcune \u201cdiscrasie\u201d presenti nella delibera della Giunta: \u00abLe premesse e il dispositivo non si legano soprattutto sulla competenza del Consiglio sulla rete ospedaliera esistente \u2013 ha detto Zedda \u2013 concordiamo con la Giunta sulla volont\u00e0 di dare una prospettiva ma l\u2019art. 42 non \u00e8 organico alla rete ospedaliera esistente. Non si pu\u00f2 parlare di studio se ci sono punti gi\u00e0 fermi. Il Brotzu non pu\u00f2 essere accorpato, deve restare un Dea di secondo livello e deve essere ristrutturato come previsto. \u00c8 positivo che il presidente lo abbia chiarito\u201d. Zedda ha poi affrontato il tema delle risorse: \u201c\u00c8 vero che non sono state, sembrano quasi non esserci, da qui il nostro invito a discuterne in Aula.<\/p>\n\n\n\n<p>Michele Cossa (Riformatori), primo firmatario della mozione n.655, si \u00e8 detto d\u2019accordo sulla necessit\u00e0 di realizzare nuovi ospedali in Sardegna: \u00abQuesto punto deve essere fermo \u2013 ha detto Cossa \u2013 l\u2019intervento del Presidente ha chiarito molti dubbi sulle questioni sollevate nelle ultime settimane. Sono necessari interventi in tutti gli ospedali della Sardegna\u00bb.<\/p>\n\n\n\n<p>Michele Ennas (capogruppo della Lega), primo firmatario della mozione n.658, ha espresso apprezzamento per i chiarimenti dati in Aula dal presidente: \u00abFa piacere sentire oggi che non ci sono forze politiche contrarie alla costruzione dei nuovi ospedali \u2013 ha detto Ennas \u2013 il percorso avviato deve andare avanti. Auspico l\u2019elaborazione di un ordine del giorno condiviso in modo che su questo argomento ci sia una posizione univoca\u00bb.<\/p>\n\n\n\n<p>Anche Fausto Piga, primo firmatario della mozione n.656, ha espresso soddisfazione per l\u2019andamento del dibattito: \u00abSu questo argomento c\u2019era bisogno, prima di tutto, di un chiarimento all\u2019interno della maggioranza che c\u2019\u00e8 stato \u2013 ha detto Piga \u2013 concordiamo sulla necessit\u00e0 di costruire nuovi ospedali che non inficiano la ristrutturazione dei vecchi nosocomi, a partire dal Brotzu\u00bb.<\/p>\n\n\n\n<p>Sull\u2019ipotesi della stesura di un ordine del giorno unitario \u00e8 intervenuto il capogruppo dei Progressisti Francesco Agus che ha detto: \u00abL\u2019importante \u00e8 che la maggioranza abbia le idee chiare, se avete bisogno di tempo prendetevelo tutto. Non vorremmo stare qui ad aspettare per ore\u00bb.<\/p>\n\n\n\n<p>Il presidente Pais ha quindi sospeso la seduta e fissato la ripresa dei lavori per le 17.30. Com<\/p>\n","protected":false},"excerpt":{"rendered":"<p>Cagliari 19 Lug 2023 \u2013 Il presidente Pais ha aperto la seduta di questa mattina del Consiglio regionale e dopo la formalit\u00e0 di rito ha&#8230;<\/p>\n","protected":false},"author":2,"featured_media":191710,"comment_status":"closed","ping_status":"open","sticky":false,"template":"","format":"standard","meta":[],"categories":[49,52],"tags":[],"_links":{"self":[{"href":"https:\/\/www.cronacaonline.it\/index.php\/wp-json\/wp\/v2\/posts\/238428"}],"collection":[{"href":"https:\/\/www.cronacaonline.it\/index.php\/wp-json\/wp\/v2\/posts"}],"about":[{"href":"https:\/\/www.cronacaonline.it\/index.php\/wp-json\/wp\/v2\/types\/post"}],"author":[{"embeddable":true,"href":"https:\/\/www.cronacaonline.it\/index.php\/wp-json\/wp\/v2\/users\/2"}],"replies":[{"embeddable":true,"href":"https:\/\/www.cronacaonline.it\/index.php\/wp-json\/wp\/v2\/comments?post=238428"}],"version-history":[{"count":1,"href":"https:\/\/www.cronacaonline.it\/index.php\/wp-json\/wp\/v2\/posts\/238428\/revisions"}],"predecessor-version":[{"id":238429,"href":"https:\/\/www.cronacaonline.it\/index.php\/wp-json\/wp\/v2\/posts\/238428\/revisions\/238429"}],"wp:featuredmedia":[{"embeddable":true,"href":"https:\/\/www.cronacaonline.it\/index.php\/wp-json\/wp\/v2\/media\/191710"}],"wp:attachment":[{"href":"https:\/\/www.cronacaonline.it\/index.php\/wp-json\/wp\/v2\/media?parent=238428"}],"wp:term":[{"taxonomy":"category","embeddable":true,"href":"https:\/\/www.cronacaonline.it\/index.php\/wp-json\/wp\/v2\/categories?post=238428"},{"taxonomy":"post_tag","embeddable":true,"href":"https:\/\/www.cronacaonline.it\/index.php\/wp-json\/wp\/v2\/tags?post=238428"}],"curies":[{"name":"wp","href":"https:\/\/api.w.org\/{rel}","templated":true}]}}