{"id":238424,"date":"2023-07-19T15:00:27","date_gmt":"2023-07-19T13:00:27","guid":{"rendered":"https:\/\/www.cronacaonline.it\/?p=238424"},"modified":"2023-07-19T15:00:30","modified_gmt":"2023-07-19T13:00:30","slug":"microcitemico-lassessore-doria-da-asl-8-e-brotzu-impegno-comune-per-garantire-le-cure-dei-piccoli-pazienti","status":"publish","type":"post","link":"https:\/\/www.cronacaonline.it\/index.php\/2023\/07\/19\/microcitemico-lassessore-doria-da-asl-8-e-brotzu-impegno-comune-per-garantire-le-cure-dei-piccoli-pazienti\/","title":{"rendered":"Microcitemico, l\u2019assessore Doria: \u201cda Asl 8 e Brotzu impegno comune per garantire le cure dei piccoli pazienti\u201d."},"content":{"rendered":"\n<p>Cagliari, 19 Lug 2023\u00a0\u2013 \u201cCome assessore regionale della Sanit\u00e0 ho la responsabilit\u00e0 e il dovere di fare qualunque cosa sia in mio potere per i cittadini che necessitano d\u2019assistenza e per chi \u00e8 impegnato ogni giorno a garantire le cure negli ospedali o sul territorio. Al Microcitemico, cos\u00ec come in qualsiasi altro ospedale del nostro sistema sanitario, la rimozione dei cateteri venosi centrali, cos\u00ec come la loro applicazione, corrisponde a un\u2019attivit\u00e0 che deve essere rigorosamente registrata quanto meno per motivi medico-legali. Non parliamo di semplice burocrazia, in gioco c\u2019\u00e8 la sicurezza dei pazienti. In questo caso i dati presentati dall\u2019Arnas Brotzu e dall\u2019Asl 8 sulle prestazioni richieste e quelle eseguite sono incontrovertibili. Partendo dal fatto che si pu\u00f2 parlare \u2018d\u2019attesa\u2019 solo nel momento in cui si pu\u00f2 misurare il tempo necessario tra la richiesta di una prestazione e la sua esecuzione, come \u00e8 possibile parlare di pazienti che attendono fino a tre mesi la rimozione di un catetere se non c\u2019\u00e8 nemmeno traccia di queste richieste? La stessa associazione che ha sollevato il problema ammette che i piccoli pazienti \u2018in attesa\u2019 non sarebbero in nessun elenco. Parliamo di una tracciabilit\u00e0 che \u00e8 obbligo di legge. Ripeto, a giugno risulta che richieste analoghe siano state prese regolarmente in carico e che le rimozioni dei cateteri venosi dai piccoli pazienti siano avvenute nell\u2019arco di una settimana in regime programmato. \u00c8 evidente che qualcosa non torni\u201d.<\/p>\n\n\n\n<p>Lo precisa l\u2019assessore regionale della Sanit\u00e0, Carlo Doria, in merito alle polemiche sollevate in seguito al tavolo convocato nei giorni scorsi dove i vertici dell\u2019Asl 8, a cui fa capo il Microcitemico, e Arnas Brotzu hanno riferito in merito alla situazione lamentata da un\u2019associazione sui tempi d\u2019attesa per la rimozione dei cateteri venosi centrali necessari per le terapie dei piccoli pazienti del reparto di Oncoematologia dell\u2019ospedale pediatrico di Cagliari.<\/p>\n\n\n\n<p>\u201cSulla vicenda trovo invece inqualificabile e di basso livello il tentativo di strumentalizzazione e sciacallaggio politico da parte di alcuni esponenti che, evidentemente, perseguono interessi diversi dal bene dei pazienti. Non si pu\u00f2 ridurre un tema cos\u00ec importante a sterili polemiche e cos\u00ec come ho gi\u00e0 avuto modo di dire non \u00e8 importante che l\u2019ospedale Cao sia in capo all\u2019Arnas Brotzu o all\u2019Asl 8, conta solo ci\u00f2 che si fa dentro quell\u2019ospedale e il Microcitemico \u00e8 un centro di riferimento per le cure pediatriche, non solo sull\u2019oncoematologia. Fin dai primi giorni del passaggio del Microcitemico all\u2019Asl 8, a gennaio del 2022, l\u2019Arnas ha continuato a garantire il proprio supporto nell\u2019attivit\u00e0 pediatrica, sia in elezione chirurgica e medica, sia in emergenza e urgenza. L\u2019Arnas in questo periodo ha garantito l\u2019attivit\u00e0 di supporto per il posizionamento e la rimozione dei cateteri venosi centrali dei pazienti in carico al reparto di Oncoematologia e all\u2019Aferesi del Microcitemico, nonch\u00e9 le prestazioni del Centro trapianti di midollo osseo. Dal primo gennaio 2023 i medici dell\u2019Arnas hanno effettuato tre prestazioni nel Centro trapianti di midollo osseo, diciannove posizionamenti di catetere venoso centrale e tredici rimozioni, tre esami in sedazione per la medicina nucleare, oltre ad aver garantito l\u2019attivit\u00e0 pediatrica nella chirurgia ortopedica e in quella maxillo facciale, nella cardiologia interventistica, nella neurochirurgia e nella diagnostica per immagini. La nostra sanit\u00e0 deve operare in una logica di sistema e l\u2019ospedale Cao \u00e8 un\u2019eccellenza che continueremo a difendere esclusivamente per il bene dei piccoli pazienti\u201d. Com<\/p>\n","protected":false},"excerpt":{"rendered":"<p>Cagliari, 19 Lug 2023\u00a0\u2013 \u201cCome assessore regionale della Sanit\u00e0 ho la responsabilit\u00e0 e il dovere di fare qualunque cosa sia in mio potere per i&#8230;<\/p>\n","protected":false},"author":2,"featured_media":229794,"comment_status":"closed","ping_status":"open","sticky":false,"template":"","format":"standard","meta":[],"categories":[49,52],"tags":[],"_links":{"self":[{"href":"https:\/\/www.cronacaonline.it\/index.php\/wp-json\/wp\/v2\/posts\/238424"}],"collection":[{"href":"https:\/\/www.cronacaonline.it\/index.php\/wp-json\/wp\/v2\/posts"}],"about":[{"href":"https:\/\/www.cronacaonline.it\/index.php\/wp-json\/wp\/v2\/types\/post"}],"author":[{"embeddable":true,"href":"https:\/\/www.cronacaonline.it\/index.php\/wp-json\/wp\/v2\/users\/2"}],"replies":[{"embeddable":true,"href":"https:\/\/www.cronacaonline.it\/index.php\/wp-json\/wp\/v2\/comments?post=238424"}],"version-history":[{"count":1,"href":"https:\/\/www.cronacaonline.it\/index.php\/wp-json\/wp\/v2\/posts\/238424\/revisions"}],"predecessor-version":[{"id":238425,"href":"https:\/\/www.cronacaonline.it\/index.php\/wp-json\/wp\/v2\/posts\/238424\/revisions\/238425"}],"wp:featuredmedia":[{"embeddable":true,"href":"https:\/\/www.cronacaonline.it\/index.php\/wp-json\/wp\/v2\/media\/229794"}],"wp:attachment":[{"href":"https:\/\/www.cronacaonline.it\/index.php\/wp-json\/wp\/v2\/media?parent=238424"}],"wp:term":[{"taxonomy":"category","embeddable":true,"href":"https:\/\/www.cronacaonline.it\/index.php\/wp-json\/wp\/v2\/categories?post=238424"},{"taxonomy":"post_tag","embeddable":true,"href":"https:\/\/www.cronacaonline.it\/index.php\/wp-json\/wp\/v2\/tags?post=238424"}],"curies":[{"name":"wp","href":"https:\/\/api.w.org\/{rel}","templated":true}]}}