{"id":238418,"date":"2023-07-19T12:44:28","date_gmt":"2023-07-19T10:44:28","guid":{"rendered":"https:\/\/www.cronacaonline.it\/?p=238418"},"modified":"2023-07-19T12:44:32","modified_gmt":"2023-07-19T10:44:32","slug":"previsioni-svimez-23-25-il-presidente-sardegna-lisola-in-crescita-smentite-previsioni-negative","status":"publish","type":"post","link":"https:\/\/www.cronacaonline.it\/index.php\/2023\/07\/19\/previsioni-svimez-23-25-il-presidente-sardegna-lisola-in-crescita-smentite-previsioni-negative\/","title":{"rendered":"Previsioni Svimez 23-25, il presidente Sardegna: \u201cL\u2019Isola in crescita, smentite previsioni negative."},"content":{"rendered":"\n<p>Cagliari, 19 Lug 2023 -\u00a0\u201cLe previsioni Svimez 2023-2025 tracciano la prospettiva di uno scenario decisamente meno critico rispetto al passato, che nel 2024 e 2025 vedr\u00e0 contenuto il divario tra Nord e Sud del Paese e soprattutto vedr\u00e0 il Pil della Sardegna crescere pi\u00f9 di tutte le regioni del Mezzogiorno. Nell\u2019incessante lavoro di sostegno a famiglie e imprese abbiamo posto le basi affinch\u00e9 le misure strutturali avviate potessero concretamente prendere avvio, stimando effetti positivi sul medio e lungo periodo. Ci prepariamo a chiudere cinque anni di governo dell\u2019Isola difficili, caratterizzati da un pandemia a cui \u00e8 seguita una crisi energetica che ha colpito in maniera incisiva la nostra economia, resa ancora pi\u00f9 debole dagli effetti recessivi generati dalla stretta monetaria, ma segnati anche da forti indicatori di ripresa strutturale. Sebbene permanga un clima di incertezza e debolezza, le previsioni per il triennio fanno ben sperare. Proseguiremo con fermezza lungo la linea tracciata\u201d. Lo ha detto il Presidente della Regione sarda, commentando le anticipazioni del Rapporto Svimez 2023 sull'economia e la societ\u00e0 del Mezzogiorno dove sono state illustrate le previsioni 2023 - 2025, regionali e macroregionali.<\/p>\n\n\n\n<p>Svimez, basandosi anche sull\u2019ipotesi prudenziale di un utilizzo parziale delle risorse del PNRR, prevede un\u2019accelerazione dell\u2019economia nel 24 e poi nel 25. Nel 2024 e nel 2025, sostiene Svimez, la crescita italiana dovrebbe attestarsi su valori rispettivamente del +1,4 e del +1,2%, e con una Sardegna che si prevede in crescita, sempre nel 24 e 25, dell\u20191,2%, contro l\u20191% complessivo del Mezzogiorno in entrambe le annualit\u00e0 e capace quindi di raggiungere il livello del resto d\u2019Italia complessivamente intesa nel 2025. Il dato relativo alla Sardegna \u00e8 lievemente superiore rispetto alle previsioni, sempre relative al 2024, dello scorso anno (1,1).<\/p>\n\n\n\n<p>\u201cAbbiamo posto le basi per recuperare capacit\u00e0 produttiva e competitivit\u00e0 del sistema - evidenzia ancora il Presidente \u2013 andando ad aggredire quei mali atavici che caratterizzano da sempre la nostra Isola come lo spopolamento e l\u2019isolamento dei territori, con forme di sostegno che hanno trovato corpo e anima nella programmazione territoriale e nel sostegno al mondo del lavoro, senza dimenticare i Comuni, e a cascata le comunit\u00e0, cui questa Giunta ha garantito attenzione e sostegno nell\u2019auspicio di migliorare la qualit\u00e0 della vita e dei servizi ai cittadini. In questa cornice \u2013 ha concluso il Presidente - abbiamo recuperato quel dialogo fondamentale con il Governo per avviare un confronto nuovo e schietto sulle urgenze che caratterizzano la nostra Isola (la due giorni intensa e carica di contenuti della visita del Vice Presidente del Consiglio Salvini ne \u00e8 una testimonianza), e ci siamo battuti in sede europea per i diritti delle Isole\u201d. Com<\/p>\n","protected":false},"excerpt":{"rendered":"<p>Cagliari, 19 Lug 2023 &#8211;\u00a0\u201cLe previsioni Svimez 2023-2025 tracciano la prospettiva di uno scenario decisamente meno critico rispetto al passato, che nel 2024 e 2025&#8230;<\/p>\n","protected":false},"author":2,"featured_media":187128,"comment_status":"closed","ping_status":"open","sticky":false,"template":"","format":"standard","meta":[],"categories":[49,52],"tags":[],"_links":{"self":[{"href":"https:\/\/www.cronacaonline.it\/index.php\/wp-json\/wp\/v2\/posts\/238418"}],"collection":[{"href":"https:\/\/www.cronacaonline.it\/index.php\/wp-json\/wp\/v2\/posts"}],"about":[{"href":"https:\/\/www.cronacaonline.it\/index.php\/wp-json\/wp\/v2\/types\/post"}],"author":[{"embeddable":true,"href":"https:\/\/www.cronacaonline.it\/index.php\/wp-json\/wp\/v2\/users\/2"}],"replies":[{"embeddable":true,"href":"https:\/\/www.cronacaonline.it\/index.php\/wp-json\/wp\/v2\/comments?post=238418"}],"version-history":[{"count":1,"href":"https:\/\/www.cronacaonline.it\/index.php\/wp-json\/wp\/v2\/posts\/238418\/revisions"}],"predecessor-version":[{"id":238419,"href":"https:\/\/www.cronacaonline.it\/index.php\/wp-json\/wp\/v2\/posts\/238418\/revisions\/238419"}],"wp:featuredmedia":[{"embeddable":true,"href":"https:\/\/www.cronacaonline.it\/index.php\/wp-json\/wp\/v2\/media\/187128"}],"wp:attachment":[{"href":"https:\/\/www.cronacaonline.it\/index.php\/wp-json\/wp\/v2\/media?parent=238418"}],"wp:term":[{"taxonomy":"category","embeddable":true,"href":"https:\/\/www.cronacaonline.it\/index.php\/wp-json\/wp\/v2\/categories?post=238418"},{"taxonomy":"post_tag","embeddable":true,"href":"https:\/\/www.cronacaonline.it\/index.php\/wp-json\/wp\/v2\/tags?post=238418"}],"curies":[{"name":"wp","href":"https:\/\/api.w.org\/{rel}","templated":true}]}}