{"id":238365,"date":"2023-07-18T12:21:42","date_gmt":"2023-07-18T10:21:42","guid":{"rendered":"https:\/\/www.cronacaonline.it\/?p=238365"},"modified":"2023-07-18T12:21:45","modified_gmt":"2023-07-18T10:21:45","slug":"continuita-aerea-lassessore-moro-richiama-ita-registrate-forti-criticita-nel-periodo-estivo-inserire-voli-aggiuntivi","status":"publish","type":"post","link":"https:\/\/www.cronacaonline.it\/index.php\/2023\/07\/18\/continuita-aerea-lassessore-moro-richiama-ita-registrate-forti-criticita-nel-periodo-estivo-inserire-voli-aggiuntivi\/","title":{"rendered":"Continuit\u00e0 aerea, l\u2019assessore Moro richiama Ita: \u201cregistrate forti criticit\u00e0 nel periodo estivo, inserire voli aggiuntivi\u201d."},"content":{"rendered":"\n<p>Cagliari, 18 Lug 2023 \u2013\u00a0L\u2019assessorato regionale dei Trasporti ha sollecitato la compagnia Ita a inserire voli aggiuntivi o utilizzare aerei con maggiore capienza \u201cnell\u2019ipotesi in cui i sistemi di prenotazione evidenzino una domanda di posti per singola tratta superiore al 91% dell\u2019offerta complessiva giornaliera\u201d, come disposto dal decreto che impone gli oneri di servizio sulle rotte in continuit\u00e0 territoriale.<\/p>\n\n\n\n<p>\u201cStiamo monitorando attentamente la situazione dei voli anche in considerazione delle continue lamentele da parte dei passeggeri\u201d, spiega l\u2019assessore regionale dei Trasporti, Antonio Moro. \u201cLe maggiori criticit\u00e0 sono state registrate nella rotta Cagliari-Fiumicino e viceversa. Abbiamo ribadito a Ita che, in caso di superamento della soglia massima dei posti richiesti, la compagnia \u00e8 obbligata a inserire voli aggiuntivi o utilizzare aerei pi\u00f9 capienti. Ricordo che in caso di mancata attivazione dei voli aggiuntivi \u00e8 prevista l\u2019applicazione di penali\u201d.<\/p>\n\n\n\n<p>In particolare, nel periodo preso in considerazione (giugno e luglio), sulla rotta Cagliari-Fiumicino sono state registrate punte massime di percentuale di posti richiesti sul totale di quelli offerti il 4 giugno (97,56%, 1197 posti richiesti e 1227 offerti) e il 2 luglio (98,60%, 1059 su 1074) e su 12 giornate particolarmente critiche (soglia del 91% abbondantemente superata) il volo aggiuntivo \u00e8 stato inserito solo sette volte. Sulla Fiumicino-Cagliari, i livelli pi\u00f9 alti sono stati segnalati il 22 giugno (99,35%, 1222 su 1230) e il 24 giugno (97,72%, 1202 su 1230) e in quattro giornate ad alta criticit\u00e0 su 23 non \u00e8 stato previsto il volo aggiuntivo. Com<\/p>\n\n\n\n<p><\/p>\n","protected":false},"excerpt":{"rendered":"<p>Cagliari, 18 Lug 2023 \u2013\u00a0L\u2019assessorato regionale dei Trasporti ha sollecitato la compagnia Ita a inserire voli aggiuntivi o utilizzare aerei con maggiore capienza \u201cnell\u2019ipotesi in&#8230;<\/p>\n","protected":false},"author":2,"featured_media":229791,"comment_status":"closed","ping_status":"open","sticky":false,"template":"","format":"standard","meta":[],"categories":[49,52],"tags":[],"_links":{"self":[{"href":"https:\/\/www.cronacaonline.it\/index.php\/wp-json\/wp\/v2\/posts\/238365"}],"collection":[{"href":"https:\/\/www.cronacaonline.it\/index.php\/wp-json\/wp\/v2\/posts"}],"about":[{"href":"https:\/\/www.cronacaonline.it\/index.php\/wp-json\/wp\/v2\/types\/post"}],"author":[{"embeddable":true,"href":"https:\/\/www.cronacaonline.it\/index.php\/wp-json\/wp\/v2\/users\/2"}],"replies":[{"embeddable":true,"href":"https:\/\/www.cronacaonline.it\/index.php\/wp-json\/wp\/v2\/comments?post=238365"}],"version-history":[{"count":1,"href":"https:\/\/www.cronacaonline.it\/index.php\/wp-json\/wp\/v2\/posts\/238365\/revisions"}],"predecessor-version":[{"id":238366,"href":"https:\/\/www.cronacaonline.it\/index.php\/wp-json\/wp\/v2\/posts\/238365\/revisions\/238366"}],"wp:featuredmedia":[{"embeddable":true,"href":"https:\/\/www.cronacaonline.it\/index.php\/wp-json\/wp\/v2\/media\/229791"}],"wp:attachment":[{"href":"https:\/\/www.cronacaonline.it\/index.php\/wp-json\/wp\/v2\/media?parent=238365"}],"wp:term":[{"taxonomy":"category","embeddable":true,"href":"https:\/\/www.cronacaonline.it\/index.php\/wp-json\/wp\/v2\/categories?post=238365"},{"taxonomy":"post_tag","embeddable":true,"href":"https:\/\/www.cronacaonline.it\/index.php\/wp-json\/wp\/v2\/tags?post=238365"}],"curies":[{"name":"wp","href":"https:\/\/api.w.org\/{rel}","templated":true}]}}