{"id":238342,"date":"2023-07-17T18:22:00","date_gmt":"2023-07-17T16:22:00","guid":{"rendered":"https:\/\/www.cronacaonline.it\/?p=238342"},"modified":"2023-07-17T18:22:02","modified_gmt":"2023-07-17T16:22:02","slug":"rimozione-dei-cateteri-venosi-per-i-piccoli-pazienti-oncologici-lassessore-doria-false-dichiarazioni-sui-tempi-delle-prestazioni-anestesiologiche-aperta-indagine-interna","status":"publish","type":"post","link":"https:\/\/www.cronacaonline.it\/index.php\/2023\/07\/17\/rimozione-dei-cateteri-venosi-per-i-piccoli-pazienti-oncologici-lassessore-doria-false-dichiarazioni-sui-tempi-delle-prestazioni-anestesiologiche-aperta-indagine-interna\/","title":{"rendered":"Rimozione dei cateteri venosi per i piccoli pazienti oncologici, l\u2019assessore Doria: \u201cfalse dichiarazioni sui tempi delle prestazioni anestesiologiche, aperta indagine interna\u201d."},"content":{"rendered":"\n<p>Cagliari, 17 Lug 2023 \u2013\u00a0Sul Microcitemico, l\u2019assessore della Sanit\u00e0, Carlo Doria, risponde a quanto riportato nei giorni scorsi sugli organi di stampa e assicura la piena tutela dei piccoli pazienti oncologici.<\/p>\n\n\n\n<p>\u201cOggi, alle ore 13, presso la sede dell\u2019Assessorato regionale all\u2019Igiene e Sanit\u00e0 e dell\u2019Assistenza Sociale, si \u00e8 svolta una riunione alla presenza del direttore generale dell\u2019Arnas Brotzu, Agnese Foddis, del direttore generale dell\u2019ASL 8, Marcello Tidore, del direttore generale dell\u2019Assessorato alla Sanit\u00e0, Francesca Piras, e di entrambi i direttori sanitari delle due aziende, Raimondo Pinna e Roberto Massazza. All\u2019incontro, inoltre, hanno altres\u00ec preso parte il direttore della struttura complessa di anestesia e rianimazione dell\u2019ARNAS, Maria Emilia Marcello e il direttore della struttura complessa di oncoematologia del Microcitemico, Rossella Mura. Oggetto della riunione \u00e8 stato l\u2019organizzazione del servizio di anestesia pediatrica del Microcitemico che, ad oggi, viene garantito da un nucleo di tre anestesisti dell\u2019ASL 8 e dagli anestesisti dell\u2019Arnas grazie ad un apposito accordo inter-aziendale\u201d.<\/p>\n\n\n\n<p>\u201cNello specifico - spiega l\u2019assessore - \u00e8 stato affrontato il tema relativo alle dichiarazioni rilasciate nei giorni scorsi circa l\u2019impossibilit\u00e0 nel rimuovere i cateteri venosi centrali dai piccoli pazienti in trattamento chemioterapico correlata alla carenza di figure anestesiologiche formate. Risulta opportuno precisare che le suddette dichiarazioni sono state diramate sotto la diretta responsabilit\u00e0 degli stessi autori, motivo per il quale questi uffici hanno gi\u00e0 aperto un\u2019indagine interna per individuare i responsabili, poich\u00e9 tali dichiarazioni ledono l\u2019immagine aziendale in quanto non corrispondenti al vero, generando altres\u00ec panico tra i pazienti ed i loro familiari. Risulta utile sottolineare che, ad oggi, ogni procedura richiesta che vada dalla semplice consulenza clinica ad una procedura chirurgica pi\u00f9 o meno invasiva, necessita di essere tracciata dal sistema informatico aziendale per le implicazioni medico-legali correlate. Sfruttando appunto i dati informatici delle consulenze anestesiologiche richieste relative alla rimozione dei cateteri venosi centrali abbiamo potuto constatare che le ultime richieste relative a quattro piccoli pazienti risultavano effettuate in data 20.06.2023 ed espletate la settimana successiva in regime programmato di elezione. Desta quindi meraviglia come un argomento del genere possa essere diventato un \u201ccaso\u201d attenzionato dagli organi di stampa regionali, ingenerando discredito a scapito dell\u2019amministrazione ospedaliera e nei confronti degli operatori sanitari, procurando inoltre un allarme ingiustificato nella popolazione i cui effetti saranno valutati nelle sedi opportune.<\/p>\n\n\n\n<p>L\u2019incontro di oggi ha permesso tra l\u2019altro di chiarire meglio i rapporti fra le due aziende (ASL 8 e ARNAS) finalizzati anche a programmare una formazione continua nelle tecniche di anestesia e rianimazione pediatrica, consentendo inoltre una facilitazione del percorso di questi piccoli pazienti abolendo alcuni passaggi burocratici per facilitare una presa in carico pi\u00f9 veloce da parte degli anestesisti.<\/p>\n\n\n\n<p>Questo Assessorato ritiene fondamentale il diritto di critica, fulcro essenziale dei rapporti che intercorrono tra le diverse istituzioni, gli organi di stampa ed i cittadini: non \u00e8 ammessa, tuttavia, qualsivoglia dichiarazione mendace, atta a creare allarmismo, completamente discostata dalla realt\u00e0 e che, come gi\u00e0 anticipato nella presente nota, sar\u00e0 oggetto di opportuna verifica\u201d, conclude l\u2019assessore Doria. Com<\/p>\n","protected":false},"excerpt":{"rendered":"<p>Cagliari, 17 Lug 2023 \u2013\u00a0Sul Microcitemico, l\u2019assessore della Sanit\u00e0, Carlo Doria, risponde a quanto riportato nei giorni scorsi sugli organi di stampa e assicura la&#8230;<\/p>\n","protected":false},"author":2,"featured_media":229794,"comment_status":"closed","ping_status":"open","sticky":false,"template":"","format":"standard","meta":[],"categories":[49,52],"tags":[],"_links":{"self":[{"href":"https:\/\/www.cronacaonline.it\/index.php\/wp-json\/wp\/v2\/posts\/238342"}],"collection":[{"href":"https:\/\/www.cronacaonline.it\/index.php\/wp-json\/wp\/v2\/posts"}],"about":[{"href":"https:\/\/www.cronacaonline.it\/index.php\/wp-json\/wp\/v2\/types\/post"}],"author":[{"embeddable":true,"href":"https:\/\/www.cronacaonline.it\/index.php\/wp-json\/wp\/v2\/users\/2"}],"replies":[{"embeddable":true,"href":"https:\/\/www.cronacaonline.it\/index.php\/wp-json\/wp\/v2\/comments?post=238342"}],"version-history":[{"count":1,"href":"https:\/\/www.cronacaonline.it\/index.php\/wp-json\/wp\/v2\/posts\/238342\/revisions"}],"predecessor-version":[{"id":238343,"href":"https:\/\/www.cronacaonline.it\/index.php\/wp-json\/wp\/v2\/posts\/238342\/revisions\/238343"}],"wp:featuredmedia":[{"embeddable":true,"href":"https:\/\/www.cronacaonline.it\/index.php\/wp-json\/wp\/v2\/media\/229794"}],"wp:attachment":[{"href":"https:\/\/www.cronacaonline.it\/index.php\/wp-json\/wp\/v2\/media?parent=238342"}],"wp:term":[{"taxonomy":"category","embeddable":true,"href":"https:\/\/www.cronacaonline.it\/index.php\/wp-json\/wp\/v2\/categories?post=238342"},{"taxonomy":"post_tag","embeddable":true,"href":"https:\/\/www.cronacaonline.it\/index.php\/wp-json\/wp\/v2\/tags?post=238342"}],"curies":[{"name":"wp","href":"https:\/\/api.w.org\/{rel}","templated":true}]}}