{"id":238336,"date":"2023-07-17T15:35:56","date_gmt":"2023-07-17T13:35:56","guid":{"rendered":"https:\/\/www.cronacaonline.it\/?p=238336"},"modified":"2023-07-17T15:35:59","modified_gmt":"2023-07-17T13:35:59","slug":"fondo-per-la-montagna-con-berchidda-chiusi-gli-incontri-territoriali-lassessore-salaris-comuni-pronti-a-cogliere-nuove-opportunita","status":"publish","type":"post","link":"https:\/\/www.cronacaonline.it\/index.php\/2023\/07\/17\/fondo-per-la-montagna-con-berchidda-chiusi-gli-incontri-territoriali-lassessore-salaris-comuni-pronti-a-cogliere-nuove-opportunita\/","title":{"rendered":"Fondo per la montagna, con Berchidda chiusi gli incontri territoriali. L\u2019assessore Salaris: \u201ccomuni pronti a cogliere nuove opportunit\u00e0\u201d."},"content":{"rendered":"\n<p>Cagliari, 17 Lug 2023 \u2013\u00a0Si \u00e8 chiuso oggi a Berchidda, dopo Lodine e Cuglieri,\u00a0il ciclo di incontri territoriali che ha visto impegnato l\u2019Assessorato degli Enti locali per le risorse da destinare ai Comuni montani e parzialmente montani.<\/p>\n\n\n\n<p>\u201cSiamo andati incontro ai territori per dare un importante segnale di vicinanza e attenzione e per aiutare i Comuni a cogliere le opportunit\u00e0 legate all\u2019Avviso di recente pubblicazione sul sito della Regione, entrando cos\u00ec nello specifico della misura che grazie alle risorse disponibili per l\u2019annualit\u00e0 2022 - oltre 11 milioni di euro - finanzier\u00e0 gli interventi di salvaguardia della montagna\u201d, ha spiegato l\u2019Assessore Aldo Salaris che facendo un bilancio del ciclo di incontri ha parlato di \u201cclima positivo e ricettivo\u201d e di grande volont\u00e0 della Regione \u201cdi intervenire a sostegno dei territori pi\u00f9 fragili anche e soprattutto in chiave di lotta allo spopolamento e all\u2019isolamento\u201d.<\/p>\n\n\n\n<p>Un impegno cominciato ben prima della pubblicazione del bando dato che, ha proseguito l\u2019esponente della Giunta sarda, \u201cla Sardegna \u00e8 la regione d\u2019Italia che ha avuto maggiori risorse come contributo al Fondo regionale per la montagna. Abbiamo portato avanti un lavoro intenso \u2013 ha proseguito l\u2019Assessore Salaris - che ci ha consentito di raggiungere un risultato molto importante a livello nazionale in termini di risorse destinate alla Sardegna, in aggiunta alle risorse regionali. Era per\u00f2 necessario entrare nello specifico del bando Fosmit, fondo per lo sviluppo delle montane italiane, e illustrare la delibera di Giunta che stabilisce i criteri e i parametri di distribuzione delle risorse e cos\u00ec abbiamo fissato i tre appuntamenti nelle tre diverse aree della Sardegna individuate quali strategiche per la misura stessa, Lodine, Cuglieri e, oggi, Berchidda\u201d, ha concluso l\u2019Assessore.<\/p>\n\n\n\n<p>Alimentato da trasferimenti statali (derivanti appunto dal fondo nazionale per la montagna) e da risorse regionali, il fondo ha come finalit\u00e0 quella di sostenere gli investimenti per la realizzazione di interventi localizzati nelle zone oggetto del bando. L\u2019elenco dei beneficiari, in attesa della nuova legge nazionale che definir\u00e0 i nuovi criteri di montanit\u00e0, sono Comuni montani e parzialmente montani segnalati dall'Uncem - Unione Nazionale dei Comuni e delle Comunit\u00e0 Montane.<\/p>\n\n\n\n<p>Potranno essere presentate iniziative che comprendano azioni di tutela, promozione e valorizzazione delle risorse ambientali dei territori montani anche attraverso la realizzazione delle Green Community; interventi volti alla creazione di impianti di produzione di energia da fonti rinnovabili; misure di prevenzione del rischio del dissesto idrogeologico. Ancora: progetti finalizzati alla salvaguardia dell\u2019ambiente e della biodiversit\u00e0 e allo sviluppo delle attivit\u00e0 agro pastorali; misure di incentivazione per la crescita sostenibile e lo sviluppo economica o sociale compresigli interventi di mobilit\u00e0 sostenibile; interventi per l\u2019accessibilit\u00e0 alle infrastrutture digitali e per il rafforzamento dei servizi essenziali, con particolare riguardo prioritario a quelle iniziative volte a contrastare lo spopolamento dei territori.<\/p>\n\n\n\n<p>La scadenza dell\u2019avviso \u00e8 stata fisata per l\u20198 settembre. I Comuni o le Unioni dei Comuni potranno poi sviluppare i progetti che dovranno essere realizzati entro tre anni (il termine per spendere la dotazione \u00e8 fissato al 2025). Com<\/p>\n","protected":false},"excerpt":{"rendered":"<p>Cagliari, 17 Lug 2023 \u2013\u00a0Si \u00e8 chiuso oggi a Berchidda, dopo Lodine e Cuglieri,\u00a0il ciclo di incontri territoriali che ha visto impegnato l\u2019Assessorato degli Enti&#8230;<\/p>\n","protected":false},"author":2,"featured_media":228432,"comment_status":"closed","ping_status":"open","sticky":false,"template":"","format":"standard","meta":[],"categories":[49,52],"tags":[],"_links":{"self":[{"href":"https:\/\/www.cronacaonline.it\/index.php\/wp-json\/wp\/v2\/posts\/238336"}],"collection":[{"href":"https:\/\/www.cronacaonline.it\/index.php\/wp-json\/wp\/v2\/posts"}],"about":[{"href":"https:\/\/www.cronacaonline.it\/index.php\/wp-json\/wp\/v2\/types\/post"}],"author":[{"embeddable":true,"href":"https:\/\/www.cronacaonline.it\/index.php\/wp-json\/wp\/v2\/users\/2"}],"replies":[{"embeddable":true,"href":"https:\/\/www.cronacaonline.it\/index.php\/wp-json\/wp\/v2\/comments?post=238336"}],"version-history":[{"count":1,"href":"https:\/\/www.cronacaonline.it\/index.php\/wp-json\/wp\/v2\/posts\/238336\/revisions"}],"predecessor-version":[{"id":238337,"href":"https:\/\/www.cronacaonline.it\/index.php\/wp-json\/wp\/v2\/posts\/238336\/revisions\/238337"}],"wp:featuredmedia":[{"embeddable":true,"href":"https:\/\/www.cronacaonline.it\/index.php\/wp-json\/wp\/v2\/media\/228432"}],"wp:attachment":[{"href":"https:\/\/www.cronacaonline.it\/index.php\/wp-json\/wp\/v2\/media?parent=238336"}],"wp:term":[{"taxonomy":"category","embeddable":true,"href":"https:\/\/www.cronacaonline.it\/index.php\/wp-json\/wp\/v2\/categories?post=238336"},{"taxonomy":"post_tag","embeddable":true,"href":"https:\/\/www.cronacaonline.it\/index.php\/wp-json\/wp\/v2\/tags?post=238336"}],"curies":[{"name":"wp","href":"https:\/\/api.w.org\/{rel}","templated":true}]}}