{"id":238271,"date":"2023-07-15T15:40:23","date_gmt":"2023-07-15T13:40:23","guid":{"rendered":"https:\/\/www.cronacaonline.it\/?p=238271"},"modified":"2023-07-15T15:40:27","modified_gmt":"2023-07-15T13:40:27","slug":"microcitemico-lassessore-doria-convoca-asl-8-e-arnas-brotzu","status":"publish","type":"post","link":"https:\/\/www.cronacaonline.it\/index.php\/2023\/07\/15\/microcitemico-lassessore-doria-convoca-asl-8-e-arnas-brotzu\/","title":{"rendered":"Microcitemico, l&#8217;assessore Doria convoca Asl 8 e Arnas Brotzu."},"content":{"rendered":"\n<p>Cagliari, 15 Lug 2023\u00a0\u2013 L'assessore regionale della Sanit\u00e0, Carlo Doria, ha convocato per luned\u00ec 17 alle ore 13 un incontro urgente per fare chiarezza sulla situazione lamentata dalle famiglie dei piccoli pazienti dell'ospedale Microcitemico di Cagliari in merito ai tempi necessari alla rimozione dei cateteri venosi utilizzati per le terapie oncoematologiche. Al tavolo, in programma in assessorato, parteciperanno i vertici dell'Asl 8 e dell'Arnas Brotzu, i direttori delle strutture complesse di anestesia delle due aziende e il direttore della Struttura complessa di Oncoematologia pediatrica che ha sede al Microcitemico.<\/p>\n\n\n\n<p>\u201cA oggi \u2013 dichiara l'assessore Doria \u2013 \u00e8 in vigore un accordo tra l'Asl 8 e l'Arnas Brotzu per garantire le prestazioni anestesiologiche ai piccoli pazienti del Microcitemico. Ho convocato con urgenza tutte le parti coinvolte per capire dove si sia inceppato il meccanismo e individuare e circoscrivere i profili di responsabilit\u00e0. Ribadisco ancora una volta, non \u00e8 importante quale targa sia esposta fuori dall'ospedale, ovvero che il Microcitemico sia in capo all'Asl 8 o all'Arnas Brotzu, l'unico aspetto che conta, in una sanit\u00e0 che \u00e8 'sistema' ed \u00e8 'regionale', sono le cure e il presidio ospedaliero Cao \u00e8 un punto di riferimento per la pediatria in Sardegna e l'assistenza per malattie gravi e rare\u201d.<\/p>\n\n\n\n<p>L'assessore interviene anche sul tema della carenza degli anestesisti pediatrici: \u201cNon esiste una scuola di specializzazione in anestesia pediatrica; l'anestesista pediatrico \u00e8 uno specialista che nel corso della sua attivit\u00e0 professionale ha acquisito specifiche competenze, come oggi normalmente avviene in tutte le discipline, e le sue capacit\u00e0 sono sicuramente insostituibili se ci si ritrova davanti a prestazioni di elevata complessit\u00e0 come ad esempio una chirurgia cardiaca neonatale, ma ci sono anche procedure pi\u00f9 elementari, poco invasive come ad esempio le sedazioni, che non richiedono queste competenze e che un anestesista deve essere in grado di eseguire anche in pazienti in et\u00e0 pediatrica. Ci\u00f2 che il sistema sanitario deve garantire sono l'adeguatezza e la sicurezza delle cure. Evenienze di questo tipo devono essere previste sempre e comunque. Ci\u00f2 che non pu\u00f2 essere tollerato sono situazioni come quella lamentata in questo caso. L'incontro di luned\u00ec servir\u00e0 a fare chiarezza anche su questi aspetti\u201d, conclude l'assessore Doria.&nbsp;Com<\/p>\n","protected":false},"excerpt":{"rendered":"<p>Cagliari, 15 Lug 2023\u00a0\u2013 L&#8217;assessore regionale della Sanit\u00e0, Carlo Doria, ha convocato per luned\u00ec 17 alle ore 13 un incontro urgente per fare chiarezza sulla&#8230;<\/p>\n","protected":false},"author":2,"featured_media":229794,"comment_status":"closed","ping_status":"open","sticky":false,"template":"","format":"standard","meta":[],"categories":[49,52],"tags":[],"_links":{"self":[{"href":"https:\/\/www.cronacaonline.it\/index.php\/wp-json\/wp\/v2\/posts\/238271"}],"collection":[{"href":"https:\/\/www.cronacaonline.it\/index.php\/wp-json\/wp\/v2\/posts"}],"about":[{"href":"https:\/\/www.cronacaonline.it\/index.php\/wp-json\/wp\/v2\/types\/post"}],"author":[{"embeddable":true,"href":"https:\/\/www.cronacaonline.it\/index.php\/wp-json\/wp\/v2\/users\/2"}],"replies":[{"embeddable":true,"href":"https:\/\/www.cronacaonline.it\/index.php\/wp-json\/wp\/v2\/comments?post=238271"}],"version-history":[{"count":1,"href":"https:\/\/www.cronacaonline.it\/index.php\/wp-json\/wp\/v2\/posts\/238271\/revisions"}],"predecessor-version":[{"id":238272,"href":"https:\/\/www.cronacaonline.it\/index.php\/wp-json\/wp\/v2\/posts\/238271\/revisions\/238272"}],"wp:featuredmedia":[{"embeddable":true,"href":"https:\/\/www.cronacaonline.it\/index.php\/wp-json\/wp\/v2\/media\/229794"}],"wp:attachment":[{"href":"https:\/\/www.cronacaonline.it\/index.php\/wp-json\/wp\/v2\/media?parent=238271"}],"wp:term":[{"taxonomy":"category","embeddable":true,"href":"https:\/\/www.cronacaonline.it\/index.php\/wp-json\/wp\/v2\/categories?post=238271"},{"taxonomy":"post_tag","embeddable":true,"href":"https:\/\/www.cronacaonline.it\/index.php\/wp-json\/wp\/v2\/tags?post=238271"}],"curies":[{"name":"wp","href":"https:\/\/api.w.org\/{rel}","templated":true}]}}