{"id":238242,"date":"2023-07-14T19:27:48","date_gmt":"2023-07-14T17:27:48","guid":{"rendered":"https:\/\/www.cronacaonline.it\/?p=238242"},"modified":"2023-07-14T19:27:50","modified_gmt":"2023-07-14T17:27:50","slug":"lassessore-dellindustria-anita-pili-stamattina-ha-partecipato-a-cabras-allavvio-del-cantiere-che-segna-la-riqualificazione-dellarea-pip","status":"publish","type":"post","link":"https:\/\/www.cronacaonline.it\/index.php\/2023\/07\/14\/lassessore-dellindustria-anita-pili-stamattina-ha-partecipato-a-cabras-allavvio-del-cantiere-che-segna-la-riqualificazione-dellarea-pip\/","title":{"rendered":"L&#8217;assessore dell&#8217;industria, Anita Pili, stamattina ha partecipato a Cabras all&#8217;avvio del cantiere che segna la riqualificazione dell&#8217;area Pip."},"content":{"rendered":"\n<p>Cagliari, 14 Lug 2023 -\u00a0\"Insieme al Sindaco Andrea Abis e alla sua amministrazione abbiamo simbolicamente dato il via ai lavori, finanziati dall\u2019assessorato regionale all\u2019Industria - ha spiegato Pili -. Un intervento di un milione di euro quello della Regione, che fa parte dello stanziamento da oltre 30 milioni destinati a Comuni e\u00a0Consorzi Industriali. Risorse importanti, che andranno a rinforzare\u00a0l\u2019infrastrutturazione delle aree produttive\".<\/p>\n\n\n\n<p>Quello della Regione \u00e8 un segnale importante verso il sistema produttivo, visto che da oltre un decennio non si vedeva un impegno finanziario di tale portata per le aree artigianali e industriali. \"Questo governo regionale ha voluto dare una risposta concreta alle esigenze delle imprese, per migliorarne la competitivit\u00e0\".<\/p>\n\n\n\n<p>Le risorse messe in campo hanno una duplice valenza: si va a migliorare viabilit\u00e0, fruibilit\u00e0 e abbattimento dei costi energetici, ma anche nuovi spazi destinati alle attivit\u00e0 sportive e alla mobilit\u00e0 sostenibile.<\/p>\n\n\n\n<p>\"\u00c8 impegno di questa giunta continuare a sostenere i comuni, i consorzi industriali e le imprese, per garantire al nostro sistema economico e sociale di svilupparsi nelle migliori condizioni\" dichiara l'assessore Pili, che col Sindaco di Cabras Andrea Abis ha parlato anche dei problemi che interessano l\u2019area artigianale, a causa di vincoli idrogeologici che ne limitano l\u2019espansione. \"Col comitato istituzionale d\u2019ambito abbiamo rivisto le norme del PAI, ma \u00e8 evidente che serve compiere un ulteriore sforzo, affinch\u00e9 gli interventi di mitigazione garantiscano un equilibrio tra la doverosa sicurezza delle comunit\u00e0 e lo sviluppo economico delle stesse\". Com<\/p>\n","protected":false},"excerpt":{"rendered":"<p>Cagliari, 14 Lug 2023 &#8211;\u00a0&#8220;Insieme al Sindaco Andrea Abis e alla sua amministrazione abbiamo simbolicamente dato il via ai lavori, finanziati dall\u2019assessorato regionale all\u2019Industria -&#8230;<\/p>\n","protected":false},"author":2,"featured_media":220043,"comment_status":"closed","ping_status":"open","sticky":false,"template":"","format":"standard","meta":[],"categories":[49,52],"tags":[],"_links":{"self":[{"href":"https:\/\/www.cronacaonline.it\/index.php\/wp-json\/wp\/v2\/posts\/238242"}],"collection":[{"href":"https:\/\/www.cronacaonline.it\/index.php\/wp-json\/wp\/v2\/posts"}],"about":[{"href":"https:\/\/www.cronacaonline.it\/index.php\/wp-json\/wp\/v2\/types\/post"}],"author":[{"embeddable":true,"href":"https:\/\/www.cronacaonline.it\/index.php\/wp-json\/wp\/v2\/users\/2"}],"replies":[{"embeddable":true,"href":"https:\/\/www.cronacaonline.it\/index.php\/wp-json\/wp\/v2\/comments?post=238242"}],"version-history":[{"count":1,"href":"https:\/\/www.cronacaonline.it\/index.php\/wp-json\/wp\/v2\/posts\/238242\/revisions"}],"predecessor-version":[{"id":238243,"href":"https:\/\/www.cronacaonline.it\/index.php\/wp-json\/wp\/v2\/posts\/238242\/revisions\/238243"}],"wp:featuredmedia":[{"embeddable":true,"href":"https:\/\/www.cronacaonline.it\/index.php\/wp-json\/wp\/v2\/media\/220043"}],"wp:attachment":[{"href":"https:\/\/www.cronacaonline.it\/index.php\/wp-json\/wp\/v2\/media?parent=238242"}],"wp:term":[{"taxonomy":"category","embeddable":true,"href":"https:\/\/www.cronacaonline.it\/index.php\/wp-json\/wp\/v2\/categories?post=238242"},{"taxonomy":"post_tag","embeddable":true,"href":"https:\/\/www.cronacaonline.it\/index.php\/wp-json\/wp\/v2\/tags?post=238242"}],"curies":[{"name":"wp","href":"https:\/\/api.w.org\/{rel}","templated":true}]}}