{"id":238196,"date":"2023-07-13T17:43:13","date_gmt":"2023-07-13T15:43:13","guid":{"rendered":"https:\/\/www.cronacaonline.it\/?p=238196"},"modified":"2023-07-13T17:43:16","modified_gmt":"2023-07-13T15:43:16","slug":"al-via-il-progetto-formativo-toasia-young-export-manager-for-sardinia-lassessore-lai-formiamo-i-manager-del-futuro","status":"publish","type":"post","link":"https:\/\/www.cronacaonline.it\/index.php\/2023\/07\/13\/al-via-il-progetto-formativo-toasia-young-export-manager-for-sardinia-lassessore-lai-formiamo-i-manager-del-futuro\/","title":{"rendered":"Al via il progetto formativo &#8220;ToAsia Young Export Manager for Sardinia&#8221;. L\u2019assessore Lai: \u201cformiamo i manager del futuro\u201d."},"content":{"rendered":"\n<p>Cagliari, 13 Lug 2023 \u2013\u00a0Al via il Progetto \"ToAsia Young Export Manager for Sardinia\", cofinanziato dal Ministero degli Affari Esteri e della Cooperazione Internazionale - Bando Scambi Giovanili 2023. La Regione tramite l\u2019Aspal ha pubblicato la manifestazione d\u2019interesse per la selezione di dieci beneficiari nell\u2019ambito delle attivit\u00e0 formative e di scambio.<\/p>\n\n\n\n<p>Un progetto formativo per diventare export manager, che si svolger\u00e0 nel secondo semestre del 2023, rivolto a giovani sotto i 30 anni, residenti in Sardegna, in possesso di diploma, disoccupati (devono aver rilasciato la DID e sottoscritto o richiesto al proprio centro per l\u2019impiego il patto di servizio) in possesso di una formazione pregressa, o esperienza professionale in ambito di commercio internazionale o settore agroalimentare e la conoscenza della lingua inglese, pari ad almeno il livello B2, requisiti che verranno verificati durante il colloquio. La conoscenza di altre lingue straniere, in particolare quelle asiatiche, costituisce titolo preferenziale.<\/p>\n\n\n\n<p>\u201cFormiamo i manager del futuro. L\u2019export manager, infatti, oggi \u00e8 uno dei profili pi\u00f9 ricercati dal mercato - sottolinea l\u2019assessore del Lavoro, Ada Lai - molto richiesti in diversi campi di attivit\u00e0, dall\u2019agro-alimentare al tessile. L'internazionalizzazione \u00e8 una delle sfide pi\u00f9 importanti per le imprese e richiede competenze adeguate; vendere all\u2019estero, infatti, pu\u00f2 essere un\u2019alternativa vincente per molte realt\u00e0 produttive, oltre che una grande opportunit\u00e0 di lavoro.\u201d<\/p>\n\n\n\n<p>I dieci beneficiari selezionati avranno la possibilit\u00e0 di seguire&nbsp;le attivit\u00e0 formative per Export Manager in modalit\u00e0 sincrona online e autoformazione, partecipare a una visita di studio a Singapore, della durata complessiva di una settimana, in cui si alterneranno attivit\u00e0 di formazione specialistica e incontri coi principali attori istituzionali in rappresentanza del \u201cSistema Italia\u201d e player locali nel mondo del Food &amp; Beverage. \u00c8 prevista inoltre una visita studio dei buyers asiatici in Sardegna che include un educational tour presso realt\u00e0 di eccellenza nel campo della produzione enogastronomica regionale.<\/p>\n\n\n\n<p>Cos\u00ec la direttrice dell\u2019Aspal, Maika Aversano. \u201cSulla scia del progetto Foods appena conclusosi, abbiamo ideato un percorso innovativo di formazione per giovani che abbiano l\u2019intraprendenza di portare le nostre produzioni in contesti internazionali. L\u2019export manager, infatti, \u00e8 una figura&nbsp;di cui l\u2019economia isolana ha un&nbsp;enorme bisogno e&nbsp;&nbsp;le imprese la ricercano con grande interesse\u201d.<\/p>\n\n\n\n<p>Gli interessati devono presentare domanda compilando l\u2019apposito modulo e allegando il loro curriculum vitae entro il 27 luglio. Com<\/p>\n","protected":false},"excerpt":{"rendered":"<p>Cagliari, 13 Lug 2023 \u2013\u00a0Al via il Progetto &#8220;ToAsia Young Export Manager for Sardinia&#8221;, cofinanziato dal Ministero degli Affari Esteri e della Cooperazione Internazionale -&#8230;<\/p>\n","protected":false},"author":2,"featured_media":235953,"comment_status":"closed","ping_status":"open","sticky":false,"template":"","format":"standard","meta":[],"categories":[49,52],"tags":[],"_links":{"self":[{"href":"https:\/\/www.cronacaonline.it\/index.php\/wp-json\/wp\/v2\/posts\/238196"}],"collection":[{"href":"https:\/\/www.cronacaonline.it\/index.php\/wp-json\/wp\/v2\/posts"}],"about":[{"href":"https:\/\/www.cronacaonline.it\/index.php\/wp-json\/wp\/v2\/types\/post"}],"author":[{"embeddable":true,"href":"https:\/\/www.cronacaonline.it\/index.php\/wp-json\/wp\/v2\/users\/2"}],"replies":[{"embeddable":true,"href":"https:\/\/www.cronacaonline.it\/index.php\/wp-json\/wp\/v2\/comments?post=238196"}],"version-history":[{"count":1,"href":"https:\/\/www.cronacaonline.it\/index.php\/wp-json\/wp\/v2\/posts\/238196\/revisions"}],"predecessor-version":[{"id":238197,"href":"https:\/\/www.cronacaonline.it\/index.php\/wp-json\/wp\/v2\/posts\/238196\/revisions\/238197"}],"wp:featuredmedia":[{"embeddable":true,"href":"https:\/\/www.cronacaonline.it\/index.php\/wp-json\/wp\/v2\/media\/235953"}],"wp:attachment":[{"href":"https:\/\/www.cronacaonline.it\/index.php\/wp-json\/wp\/v2\/media?parent=238196"}],"wp:term":[{"taxonomy":"category","embeddable":true,"href":"https:\/\/www.cronacaonline.it\/index.php\/wp-json\/wp\/v2\/categories?post=238196"},{"taxonomy":"post_tag","embeddable":true,"href":"https:\/\/www.cronacaonline.it\/index.php\/wp-json\/wp\/v2\/tags?post=238196"}],"curies":[{"name":"wp","href":"https:\/\/api.w.org\/{rel}","templated":true}]}}