{"id":238187,"date":"2023-07-13T12:38:25","date_gmt":"2023-07-13T10:38:25","guid":{"rendered":"https:\/\/www.cronacaonline.it\/?p=238187"},"modified":"2023-07-13T12:38:28","modified_gmt":"2023-07-13T10:38:28","slug":"al-via-lavviso-da-15-milioni-per-la-realizzazione-di-nuovi-percorsi-formativi-richiesti-dal-mercato","status":"publish","type":"post","link":"https:\/\/www.cronacaonline.it\/index.php\/2023\/07\/13\/al-via-lavviso-da-15-milioni-per-la-realizzazione-di-nuovi-percorsi-formativi-richiesti-dal-mercato\/","title":{"rendered":"Al via l\u2019avviso da 15 milioni per la realizzazione di nuovi percorsi formativi richiesti dal mercato."},"content":{"rendered":"\n<p>Cagliari, 13 Lug 2023 \u2013\u00a0Al via l\u2019Avviso pubblico per il finanziamento di percorsi formativi volti alla certificazione di profili di qualificazione inseriti nel repertorio regionale dei profili di qualificazione (RRPQ) rispondenti ai fabbisogni di competenze espressi dai datori di lavoro in ambito regionale. Ad annunciare il nuovo intervento \u00e8 il Presidente della Regione Sardegna, che esprime soddisfazione per un altro intervento contro la disoccupazione.<\/p>\n\n\n\n<p>\u201cUna risposta alla difficolt\u00e0 del mercato del lavoro nel reperire personale specializzato e qualificato \u2013 afferma - Una difficolt\u00e0 quasi strutturale a cui poniamo rimedio investendo massicciamente in una formazione pi\u00f9 efficace e di qualit\u00e0. Valorizzare le competenze, infatti, \u00e8 fondamentale per favorire la crescita economica e l\u2019occupazione.\u201d<\/p>\n\n\n\n<p>L\u2019avviso \u00e8 finalizzato all\u2019acquisizione di competenze spendibili nel mercato, in linea con gli obiettivi del PR Sardegna FSE+ 2021-2027 al servizio della dignit\u00e0, e d\u00e0 attuazione alla delibera n. 17 dello scorso maggio.<\/p>\n\n\n\n<p>\u201cCon questo bando finanziamo nuovi percorsi di formazione per lo sviluppo di competenze professionalizzanti - spiega Lai - in settori strategici per la Regione, come l\u2019innovazione digitale ed ecologica, l\u2019artigianato e il turismo.&nbsp;&nbsp;Settori in cui le imprese fanno pi\u00f9 fatica a trovare persone preparate da assumere nell\u2019immediato per coprire le posizioni vacanti. Si tratta, infatti di corsi finalizzati all\u2019acquisizione di qualifiche professionali\u201d.&nbsp;&nbsp;<\/p>\n\n\n\n<p>La dotazione finanziaria \u00e8 pari a \u20ac 15.000.000,00, a valere sulle risorse di cui al Programma integrato plurifondo per il lavoro \"LavoRAS\"- Annualit\u00e0 2022.<\/p>\n\n\n\n<p>Possono presentare le domande di partecipazione le agenzie formative&nbsp;singole o in RT (raggruppamenti temporanei di impresa), accreditate nel sistema regionale della Formazione professionale e in possesso dei requisiti indicati nell\u2019Avviso.<\/p>\n\n\n\n<p>I destinatari dell'avviso devono essere residenti o domiciliati in Sardegna, maggiorenni, disoccupati, aver presentato ai Centri per l'impiego operanti nel territorio la dichiarazione di immediata disponibilit\u00e0 al lavoro (DID) e possedere un titolo di studio adeguato all\u2019accesso al percorso formativo.<\/p>\n\n\n\n<p>I proponenti potranno presentare le proprie candidature a partire dalle ore 10:00 del 27.07.2023 ed entro le ore 23:59 del 02.10.2023, esclusivamente per mezzo della procedura telematica disponibile nell\u2019area riservata sul portale \u201cSardegna Lavoro\u201d(<a href=\"https:\/\/my.sardegnalavoro.it\/Login\" target=\"_blank\" rel=\"noreferrer noopener\">https:\/\/my.sardegnalavoro.it\/Login<\/a>) accedendo al Portale Sardegna Lavoro con la propria identit\u00e0 digitale29 (SPID\/TS-CNS o altra modalit\u00e0 attualmente disponibile) e compilare tutte le interfacce appositamente predisposte per la presentazione dei DCT.&nbsp;Com<\/p>\n","protected":false},"excerpt":{"rendered":"<p>Cagliari, 13 Lug 2023 \u2013\u00a0Al via l\u2019Avviso pubblico per il finanziamento di percorsi formativi volti alla certificazione di profili di qualificazione inseriti nel repertorio regionale&#8230;<\/p>\n","protected":false},"author":2,"featured_media":237734,"comment_status":"closed","ping_status":"open","sticky":false,"template":"","format":"standard","meta":[],"categories":[49,52],"tags":[],"_links":{"self":[{"href":"https:\/\/www.cronacaonline.it\/index.php\/wp-json\/wp\/v2\/posts\/238187"}],"collection":[{"href":"https:\/\/www.cronacaonline.it\/index.php\/wp-json\/wp\/v2\/posts"}],"about":[{"href":"https:\/\/www.cronacaonline.it\/index.php\/wp-json\/wp\/v2\/types\/post"}],"author":[{"embeddable":true,"href":"https:\/\/www.cronacaonline.it\/index.php\/wp-json\/wp\/v2\/users\/2"}],"replies":[{"embeddable":true,"href":"https:\/\/www.cronacaonline.it\/index.php\/wp-json\/wp\/v2\/comments?post=238187"}],"version-history":[{"count":1,"href":"https:\/\/www.cronacaonline.it\/index.php\/wp-json\/wp\/v2\/posts\/238187\/revisions"}],"predecessor-version":[{"id":238188,"href":"https:\/\/www.cronacaonline.it\/index.php\/wp-json\/wp\/v2\/posts\/238187\/revisions\/238188"}],"wp:featuredmedia":[{"embeddable":true,"href":"https:\/\/www.cronacaonline.it\/index.php\/wp-json\/wp\/v2\/media\/237734"}],"wp:attachment":[{"href":"https:\/\/www.cronacaonline.it\/index.php\/wp-json\/wp\/v2\/media?parent=238187"}],"wp:term":[{"taxonomy":"category","embeddable":true,"href":"https:\/\/www.cronacaonline.it\/index.php\/wp-json\/wp\/v2\/categories?post=238187"},{"taxonomy":"post_tag","embeddable":true,"href":"https:\/\/www.cronacaonline.it\/index.php\/wp-json\/wp\/v2\/tags?post=238187"}],"curies":[{"name":"wp","href":"https:\/\/api.w.org\/{rel}","templated":true}]}}