{"id":238185,"date":"2023-07-13T12:35:41","date_gmt":"2023-07-13T10:35:41","guid":{"rendered":"https:\/\/www.cronacaonline.it\/?p=238185"},"modified":"2023-07-13T12:35:44","modified_gmt":"2023-07-13T10:35:44","slug":"fine-vita-proposta-di-legge-in-consiglio-regionale-del-centrosinistra-e-cinque-stelle","status":"publish","type":"post","link":"https:\/\/www.cronacaonline.it\/index.php\/2023\/07\/13\/fine-vita-proposta-di-legge-in-consiglio-regionale-del-centrosinistra-e-cinque-stelle\/","title":{"rendered":"Fine vita, proposta di legge in Consiglio regionale del Centrosinistra e Cinque Stelle."},"content":{"rendered":"\n<p>Cagliari, 13 Lug 2023 \u2013 Dopo Veneto, Emilia Romagna e Abruzzo, anche la Sardegna si appresta ad affrontare il tema del fine vita. Una proposta di legge sul suicidio medicalmente assistito \u00e8 stata presentata in Consiglio regionale dai gruppi del centrosinistra e del Movimento Cinque Stelle. Un testo di soli sette articoli che indica tempi, modi e percorsi di accesso alla gratuit\u00e0 delle prestazioni da parte del servizio sanitario. I contenuti della proposta sono stati illustrati questa mattina alla stampa dai proponenti, alla presenza di Filomena Gallo e Marco Cappato, segretaria nazionale e tesoriere dell\u2019associazione Luca Coscioni che ha elaborato un testo a livello nazionale sull\u2019accesso alla morte volontaria assistita.<\/p>\n\n\n\n<p>\u00abE\u2019 un\u2019iniziativa importante \u2013 ha detto Filomena Gallo \u2013 ancora una volta la Sardegna mostra grande sensibilit\u00e0 su temi che riguardano i diritti civili e la vita delle persone. Oggi in Italia non c\u2019\u00e8 una legge in materia perch\u00e9 il Parlamento ha deciso di non pronunciarsi. Esiste comunque una sentenza della Corte costituzionale (la 242 del 2019) che sancisce il diritto di una persona ad ottenere assistenza medica per morire quando sussistano determinate condizioni: la capacit\u00e0 del malato di prendere una decisione liberamente e in completa autonomia, la presenza di una patologia irreversibile che provoca gravi sofferenza fisiche e psichiche, la necessit\u00e0 di trattamenti di sostegno vitale. Con l\u2019intervento delle Regioni il sistema sanitario locale avr\u00e0 delle norme di riferimento per attivare le procedure e rendere effettivo un diritto sancito con sentenza dalla Corte Costituzionale senza essere costretto a rivolgersi a un tribunale\u00bb.<\/p>\n\n\n\n<p>\u00abOggi chi soffre non ha certezza sui tempi e sulle modalit\u00e0 di accesso al suicidio medico assistito \u2013 ha aggiunto Marco Cappato \u2013 con la disobbedienza civile abbiamo conquistato un diritto. Ora serve un quadro normativo che disciplini l\u2019attivit\u00e0 delle Asl e faccia emergere una realt\u00e0 sociale nascosta dalla burocrazia e dall\u2019assenza di regole\u00bb.<\/p>\n\n\n\n<p>Cappato e Gallo hanno poi ricordato l\u2019importante contributo dato alla causa del fine vita da Giovanni Nuvoli e Walter Piludu le cui vicende hanno costretto i tribunali a pronunciarsi sul diritto dei malati di scegliere sul proprio destino. \u00abOggi per\u00f2 serve un passo in avanti \u2013 ha affermato Cappato \u2013 su questo tema c\u2019\u00e8 un altissima percentuale di favorevoli in Italia che va oltre l\u201980%. Bisogna superare la logica delle fazioni ed evitare lo scontro tra destra e sinistra o tra laici e cattolici. C\u2019\u00e8 bisogno di un confronto ampio che parta dalla sofferenza delle persone e non dalle ideologie\u00bb.<\/p>\n\n\n\n<p>Su questo versante sta lavorando in Sardegna la cellula dell\u2019Associazione Coscioni rappresentata dall\u2019avvocato Aldo Luchi: \u00abLa presentazione della proposta di legge in Consiglio regionale \u00e8 un fatto rilevante \u2013 ha detto \u2013 la Sardegna potrebbe presto avere una norma di riferimento che metterebbe fine a dubbi e incertezze e consentirebbe alle Asl di agire con regole certe\u00bb.<\/p>\n\n\n\n<p>\u00abPoter scegliere sulla propria vita \u00e8 una questione di libert\u00e0 \u2013 ha detto Piero Comandini, segretario regionale del Pd e primo firmatario della proposta di legge \u2013 per questo abbiamo sposato l\u2019iniziativa dell\u2019associazione Coscioni. Su questo tema c\u2019\u00e8 bisogno di un pronunciamento univoco a livello nazionale\u00bb.<\/p>\n\n\n\n<p>\u00abLa proposta \u00e8 aperta a tutti \u2013 ha aggiunto il capogruppo dei progressisti Francesco Agus \u2013 chiederemo di firmarla anche ai colleghi della maggioranza. Possiamo approvarla prima della fine della legislatura\u00bb.<\/p>\n\n\n\n<p>Approvazione della legge auspicata anche dal M5S: \u00abIl Consiglio regionale oltre a dare regole certe alle Asl pu\u00f2 fare un\u2019altra cosa molto importante \u2013ha affermato il capogruppo Alessandro Solinas \u2013 aiutare le forze politiche oggi contrarie a superare posizioni anacronistiche e per certi versi bigotte\u00bb.<\/p>\n\n\n\n<p>\u00abHo firmato la proposta con convinzione \u2013 ha sottolineato Rossella Pinna, consigliera del Pd \u2013 questa norma serve a restituire dignit\u00e0 alle persone. Mi \u00e8 capitato da poco di firmare le disposizioni di fine vita. Non nego di aver avuto un tentennamento al momento della firma. Se questo \u00e8 capitato a me, convinta sostenitrice del diritto di scelta, figuriamoci cosa pu\u00f2 succedere a chi si trova a vivere un momento drammatico\u00bb.<\/p>\n\n\n\n<p>Massimo Zedda (Progressisti), infine, ha ricordato la vicenda del regista Mario Monicelli che a 95 anni decise di togliersi la vita lanciandosi da una finestra di un ospedale quando cap\u00ec di essere arrivato alla fine dei suoi giorni a causa di un male incurabile: \u00abNon dobbiamo pi\u00f9 permettere casi simili \u2013 ha detto Zedda \u2013 su questo tema c\u2019\u00e8 la necessit\u00e0 di trovare il consenso pi\u00f9 largo possibile\u00bb. Com<\/p>\n","protected":false},"excerpt":{"rendered":"<p>Cagliari, 13 Lug 2023 \u2013 Dopo Veneto, Emilia Romagna e Abruzzo, anche la Sardegna si appresta ad affrontare il tema del fine vita. Una proposta&#8230;<\/p>\n","protected":false},"author":2,"featured_media":192512,"comment_status":"closed","ping_status":"open","sticky":false,"template":"","format":"standard","meta":[],"categories":[49,52],"tags":[],"_links":{"self":[{"href":"https:\/\/www.cronacaonline.it\/index.php\/wp-json\/wp\/v2\/posts\/238185"}],"collection":[{"href":"https:\/\/www.cronacaonline.it\/index.php\/wp-json\/wp\/v2\/posts"}],"about":[{"href":"https:\/\/www.cronacaonline.it\/index.php\/wp-json\/wp\/v2\/types\/post"}],"author":[{"embeddable":true,"href":"https:\/\/www.cronacaonline.it\/index.php\/wp-json\/wp\/v2\/users\/2"}],"replies":[{"embeddable":true,"href":"https:\/\/www.cronacaonline.it\/index.php\/wp-json\/wp\/v2\/comments?post=238185"}],"version-history":[{"count":1,"href":"https:\/\/www.cronacaonline.it\/index.php\/wp-json\/wp\/v2\/posts\/238185\/revisions"}],"predecessor-version":[{"id":238186,"href":"https:\/\/www.cronacaonline.it\/index.php\/wp-json\/wp\/v2\/posts\/238185\/revisions\/238186"}],"wp:featuredmedia":[{"embeddable":true,"href":"https:\/\/www.cronacaonline.it\/index.php\/wp-json\/wp\/v2\/media\/192512"}],"wp:attachment":[{"href":"https:\/\/www.cronacaonline.it\/index.php\/wp-json\/wp\/v2\/media?parent=238185"}],"wp:term":[{"taxonomy":"category","embeddable":true,"href":"https:\/\/www.cronacaonline.it\/index.php\/wp-json\/wp\/v2\/categories?post=238185"},{"taxonomy":"post_tag","embeddable":true,"href":"https:\/\/www.cronacaonline.it\/index.php\/wp-json\/wp\/v2\/tags?post=238185"}],"curies":[{"name":"wp","href":"https:\/\/api.w.org\/{rel}","templated":true}]}}