{"id":238172,"date":"2023-07-12T16:03:29","date_gmt":"2023-07-12T14:03:29","guid":{"rendered":"https:\/\/www.cronacaonline.it\/?p=238172"},"modified":"2023-07-12T16:03:32","modified_gmt":"2023-07-12T14:03:32","slug":"colera-lassessore-doria-la-conferma-delliss-il-ceppo-rilevato-non-e-fra-quelli-che-sono-comunemente-causa-di-epidemie","status":"publish","type":"post","link":"https:\/\/www.cronacaonline.it\/index.php\/2023\/07\/12\/colera-lassessore-doria-la-conferma-delliss-il-ceppo-rilevato-non-e-fra-quelli-che-sono-comunemente-causa-di-epidemie\/","title":{"rendered":"Colera, l\u2019assessore Doria: \u201cla conferma dell\u2019Iss, il ceppo rilevato non \u00e8 fra quelli che sono comunemente causa di epidemie\u201d."},"content":{"rendered":"\n<p>Cagliari, 12 Lug 2023\u00a0\u2013 \u201cIl ceppo batterico isolato nel paziente di Arbus non appartiene alle tipologie responsabili della maggior parte delle epidemie da colera. La conferma \u00e8 arrivata oggi dall\u2019Istituto superiore di Sanit\u00e0 che ci ha comunicato la negativit\u00e0 del campione ai ceppi 01 e 0139. Un\u2019ulteriore buona notizia, in una situazione gestita al meglio dal sistema sanitario regionale, con il coordinamento dell\u2019assessorato della Sanit\u00e0. Tempestivit\u00e0 e competenza, gi\u00e0 emerse durante la pandemia del Covid-19, hanno caratterizzato ancora una volta l\u2019operativit\u00e0 dei servizi di Igiene pubblica delle Asl di Cagliari e del Medio Campidano, che hanno eseguito scrupolosamente le indagini e il monitoraggio senza mai sottovalutare nulla, dell\u2019Aou di Cagliari, che per prima ha identificato il patogeno, e del reparto Infettivi dell\u2019ospedale Santissima Trinit\u00e0, dove il paziente ricoverato \u00e8 sulla via della guarigione\u201d. Lo dichiara l\u2019assessore regionale della Sanit\u00e0,\u00a0Carlo\u00a0Doria.\u00a0Com<\/p>\n","protected":false},"excerpt":{"rendered":"<p>Cagliari, 12 Lug 2023\u00a0\u2013 \u201cIl ceppo batterico isolato nel paziente di Arbus non appartiene alle tipologie responsabili della maggior parte delle epidemie da colera. La&#8230;<\/p>\n","protected":false},"author":2,"featured_media":229794,"comment_status":"closed","ping_status":"open","sticky":false,"template":"","format":"standard","meta":[],"categories":[49,52],"tags":[],"_links":{"self":[{"href":"https:\/\/www.cronacaonline.it\/index.php\/wp-json\/wp\/v2\/posts\/238172"}],"collection":[{"href":"https:\/\/www.cronacaonline.it\/index.php\/wp-json\/wp\/v2\/posts"}],"about":[{"href":"https:\/\/www.cronacaonline.it\/index.php\/wp-json\/wp\/v2\/types\/post"}],"author":[{"embeddable":true,"href":"https:\/\/www.cronacaonline.it\/index.php\/wp-json\/wp\/v2\/users\/2"}],"replies":[{"embeddable":true,"href":"https:\/\/www.cronacaonline.it\/index.php\/wp-json\/wp\/v2\/comments?post=238172"}],"version-history":[{"count":1,"href":"https:\/\/www.cronacaonline.it\/index.php\/wp-json\/wp\/v2\/posts\/238172\/revisions"}],"predecessor-version":[{"id":238173,"href":"https:\/\/www.cronacaonline.it\/index.php\/wp-json\/wp\/v2\/posts\/238172\/revisions\/238173"}],"wp:featuredmedia":[{"embeddable":true,"href":"https:\/\/www.cronacaonline.it\/index.php\/wp-json\/wp\/v2\/media\/229794"}],"wp:attachment":[{"href":"https:\/\/www.cronacaonline.it\/index.php\/wp-json\/wp\/v2\/media?parent=238172"}],"wp:term":[{"taxonomy":"category","embeddable":true,"href":"https:\/\/www.cronacaonline.it\/index.php\/wp-json\/wp\/v2\/categories?post=238172"},{"taxonomy":"post_tag","embeddable":true,"href":"https:\/\/www.cronacaonline.it\/index.php\/wp-json\/wp\/v2\/tags?post=238172"}],"curies":[{"name":"wp","href":"https:\/\/api.w.org\/{rel}","templated":true}]}}