{"id":238161,"date":"2023-07-12T15:27:30","date_gmt":"2023-07-12T13:27:30","guid":{"rendered":"https:\/\/www.cronacaonline.it\/?p=238161"},"modified":"2023-07-12T15:27:32","modified_gmt":"2023-07-12T13:27:32","slug":"zootecnia-assessore-satta-leccellenza-delle-nostre-carni-deve-essere-rappresentata-in-tutto-il-mondo","status":"publish","type":"post","link":"https:\/\/www.cronacaonline.it\/index.php\/2023\/07\/12\/zootecnia-assessore-satta-leccellenza-delle-nostre-carni-deve-essere-rappresentata-in-tutto-il-mondo\/","title":{"rendered":"Zootecnia: assessore Satta, l\u2019eccellenza delle nostre carni deve essere rappresentata in tutto il mondo."},"content":{"rendered":"\n<p>Arzachena (SS), 12 Lug 2023 -\u00a0\u201cLo stato di salute delle razze bovine da carne \u00e8 assolutamente buono. C\u2019\u00e8 tanta voglia di filiera, tanta richiesta da parte degli allevatori e delle stesse Associazioni categoria\u201d. Lo ha sottolineato l\u2019assessore regionale dell\u2019Agricoltura, Valeria Satta, nel corso di un convegno che ha coinvolto tutte le parti, dagli allevatori ai veterinari. Una garanzia di qualit\u00e0 per le carni del nord Sardegna. Il servizio di sanit\u00e0 animale del Dipartimento di Prevenzione Nord\u00a0Sardegna, grazie alla collaborazione di imprese e associazioni \u00e8 diventato\u00a0\u00a0\u00a0\u00a0\u00a0punto di riferimento per un comparto d\u2019eccellenza come quello agrozootecnico, premiato dal mercato e nelle numerose fiere di settore in tutta Italia. Un confronto aperto tra rappresentanti delle associazioni, allevatori e veterinari. Insieme per rappresentare l\u2019ottimo stato di salute del comparto, nel corso del convegno \u201cLa sanit\u00e0 pubblica e veterinaria e la filiera del bovino da carne\u201d. \u201cUn appuntamento importantissimo perch\u00e9 forse mai era stato affrontato un discorso specifico su questa materia. Si \u00e8 voluto venire incontro, trattare tematiche al servizio di chi fa questo di lavoro, gli allevatori. Fare sistema, stare uniti per migliorare la qualit\u00e0 e non la quantit\u00e0, ha detto ancora la Satta. \u201cLa prima reale filiera qui in Sardegna che si potrebbe costituire molto a breve, perch\u00e9 siamo in attesa di capire cosa si potrebbe fare per apportare dei miglioramenti rispetto a quello che sono magari le condizioni degli allevamenti in base a quello che chiede la Comunit\u00e0 Europea in termini di requisiti che le stesse aziende devono avere. La parte politica deve necessariamente stare vicino\u00a0ai propri allevatori, quindi creare un tavolo apposito per far s\u00ec che ci sia dentro questo tavolo, gli allevatori, le associazioni di categoria, i veterinari. Tutti insieme, solo cos\u00ec, si pu\u00f2 concorrere realmente a creare la filiera dei bovini da carne. Le eccellenze delle nostre carni deve essere rappresentata in tutto il mondo per far s\u00ec che anche la Sardegna abbia quello che realmente si merita in termini di qualit\u00e0. Qualit\u00e0 di prodotto, qualit\u00e0 dei nostri allevatori, qualit\u00e0 delle nostre aziende\u201d.<\/p>\n\n\n\n<p>Il Dipartimento sanitario e veterinario, attraverso una serie di controlli, report e istanze inviate negli anni alla Commissione europea \u00e8 riuscito a far ottenere proprio di recente al territorio della Gallura lo status di indenne da tubercolosi bovina. I controlli e i sistemi di registrazione di dati sono risultati fondamentali ai fini della tracciabilit\u00e0, garanzia e trasparenza per gli operatori e per i cittadini. La qualit\u00e0 \u00e8 stato detto dai rappresentanti delle associazioni deve essere fondamentale. Bisogna rispettare le regole sanitarie perch\u00e9 se un prodotto \u00e8 tracciato si pu\u00f2 vendere a prezzo maggiore. Com<\/p>\n","protected":false},"excerpt":{"rendered":"<p>Arzachena (SS), 12 Lug 2023 &#8211;\u00a0\u201cLo stato di salute delle razze bovine da carne \u00e8 assolutamente buono. C\u2019\u00e8 tanta voglia di filiera, tanta richiesta da&#8230;<\/p>\n","protected":false},"author":2,"featured_media":238162,"comment_status":"closed","ping_status":"open","sticky":false,"template":"","format":"standard","meta":[],"categories":[49,52],"tags":[],"_links":{"self":[{"href":"https:\/\/www.cronacaonline.it\/index.php\/wp-json\/wp\/v2\/posts\/238161"}],"collection":[{"href":"https:\/\/www.cronacaonline.it\/index.php\/wp-json\/wp\/v2\/posts"}],"about":[{"href":"https:\/\/www.cronacaonline.it\/index.php\/wp-json\/wp\/v2\/types\/post"}],"author":[{"embeddable":true,"href":"https:\/\/www.cronacaonline.it\/index.php\/wp-json\/wp\/v2\/users\/2"}],"replies":[{"embeddable":true,"href":"https:\/\/www.cronacaonline.it\/index.php\/wp-json\/wp\/v2\/comments?post=238161"}],"version-history":[{"count":1,"href":"https:\/\/www.cronacaonline.it\/index.php\/wp-json\/wp\/v2\/posts\/238161\/revisions"}],"predecessor-version":[{"id":238164,"href":"https:\/\/www.cronacaonline.it\/index.php\/wp-json\/wp\/v2\/posts\/238161\/revisions\/238164"}],"wp:featuredmedia":[{"embeddable":true,"href":"https:\/\/www.cronacaonline.it\/index.php\/wp-json\/wp\/v2\/media\/238162"}],"wp:attachment":[{"href":"https:\/\/www.cronacaonline.it\/index.php\/wp-json\/wp\/v2\/media?parent=238161"}],"wp:term":[{"taxonomy":"category","embeddable":true,"href":"https:\/\/www.cronacaonline.it\/index.php\/wp-json\/wp\/v2\/categories?post=238161"},{"taxonomy":"post_tag","embeddable":true,"href":"https:\/\/www.cronacaonline.it\/index.php\/wp-json\/wp\/v2\/tags?post=238161"}],"curies":[{"name":"wp","href":"https:\/\/api.w.org\/{rel}","templated":true}]}}