{"id":238158,"date":"2023-07-12T12:58:19","date_gmt":"2023-07-12T10:58:19","guid":{"rendered":"https:\/\/www.cronacaonline.it\/?p=238158"},"modified":"2023-07-12T12:58:22","modified_gmt":"2023-07-12T10:58:22","slug":"fondo-per-la-montagna-a-lodine-il-primo-incontro-territoriale-lassessore-salaris-sardegna-regione-che-ha-ottenuto-maggiori-finanziamenti-11-milioni-per-lo-sviluppo","status":"publish","type":"post","link":"https:\/\/www.cronacaonline.it\/index.php\/2023\/07\/12\/fondo-per-la-montagna-a-lodine-il-primo-incontro-territoriale-lassessore-salaris-sardegna-regione-che-ha-ottenuto-maggiori-finanziamenti-11-milioni-per-lo-sviluppo\/","title":{"rendered":"Fondo per la montagna, a Lodine il primo incontro territoriale, l\u2019assessore Salaris: \u201cSardegna regione che ha ottenuto maggiori finanziamenti, 11 milioni per lo sviluppo\u201d."},"content":{"rendered":"\n<p>Lodine (Nu), 12 Lug 2023 \u2013\u00a0Primo incontro territoriale, dei tre programmati dall\u2019Assessorato degli Enti locali, a Lodine per le risorse da destinare ai Comuni montani e parzialmente montani (seguir\u00e0, nel pomeriggio, un nuovo incontro a Cuglieri).<\/p>\n\n\n\n<p>L\u2019obiettivo \u00e8 quello di aiutare i territori a cogliere le opportunit\u00e0 legate all\u2019Avviso di recente pubblicazione sul sito della Regione, entrando cos\u00ec nello specifico della misura che grazie alle risorse disponibili per l\u2019annualit\u00e0 2022 - oltre 11 milioni di euro - finanzier\u00e0 gli interventi di salvaguardia della montagna.&nbsp;Con&nbsp;una importante peculiarit\u00e0: la Sardegna \u00e8 la regione d\u2019Italia che ha avuto maggiori risorse come contributo al Fondo regionale per la montagna.<\/p>\n\n\n\n<p>Nel corso dell\u2019incontro, a cui hanno partecipato i sindaci del territorio, \u00e8 stato quindi presentato il bando Fosmit, fondo per lo sviluppo delle montane italiane, e illustrata la delibera di Giunta che stabilisce i criteri e i parametri di distribuzione delle risorse.<\/p>\n\n\n\n<p>\u201cSiamo contenti di iniziare da Lodine questo viaggio in tre tappe nei territori montani e siamo pronti a dare sostegno ai Comuni e alle comunit\u00e0 \u2013 ha spiegato l\u2019Assessore degli Enti locali, Aldo Salaris \u2013 Abbiamo portato avanti un lavoro intenso che ci ha consentito di raggiungere un risultato molto importante a livello nazionale in termini di risorse destinate alla Sardegna, in aggiunta alle risorse regionali \u2013 ha proseguito l\u2019Assessore Salaris \u2013 Questo risultato, unito alle altre misure di sostegno ai Comuni messe in campo dalla Regione, \u00e8 un altro passo importante che la Sardegna compie contro lo spopolamento e l\u2019isolamento dei territori\u201d.<\/p>\n\n\n\n<p>Alimentato da trasferimenti statali (derivanti appunto dal fondo nazionale per la montagna) e da risorse regionali, il fondo ha come finalit\u00e0 quella di sostenere gli investimenti per la realizzazione di interventi localizzati nelle zone oggetto del bando.&nbsp;&nbsp;L\u2019elenco dei beneficiari, in attesa della nuova legge nazionale che definir\u00e0 i nuovi criteri di montanit\u00e0, sono Comuni montani e parzialmente montani segnalati dall'Uncem - Unione Nazionale dei Comuni e delle Comunit\u00e0 Montane.<\/p>\n\n\n\n<p>Grande attenzione \u00e8 stata destinata alla natura dei progetti da proporre, con un ventaglio di possibilit\u00e0 definito nel corso dell\u2019incontro \u201caperto ed elastico\u201d, capace di abbracciare una pluralit\u00e0 di possibili interventi da finanziare. Potranno essere infatti presentate iniziative che comprendano azioni di tutela, promozione e valorizzazione delle risorse ambientali dei territori montani anche attraverso la realizzazione delle Green Community; interventi volti alla creazione di impianti di produzione di energia da fonti rinnovabili; misure di prevenzione del rischio del dissesto idrogeologico. Ancora: progetti finalizzati alla salvaguardia dell\u2019ambiente e della biodiversit\u00e0 e allo sviluppo delle attivit\u00e0 agro pastorali; misure di incentivazione per la crescita sostenibile e lo sviluppo economica o sociale compresigli interventi di mobilit\u00e0 sostenibile; interventi per l\u2019accessibilit\u00e0 alle infrastrutture digitali e per il rafforzamento dei servizi essenziali, con particolare riguardo prioritario a quelle iniziative volte a contrastare lo spopolamento dei territori.<\/p>\n\n\n\n<p>La scadenza dell\u2019avviso \u00e8 stata fisata per l\u20198 settembre. I Comuni o le Unioni dei Comuni potranno poi sviluppare i progetti che dovranno essere realizzati entro tre anni (il termine per spendere la dotazione \u00e8 fissato al 2025).<\/p>\n\n\n\n<p>L\u2019Assessore Salaris sar\u00e0 presente nel pomeriggio a Cuglieri e, il 17 del mese, a Berchidda. Com<\/p>\n","protected":false},"excerpt":{"rendered":"<p>Lodine (Nu), 12 Lug 2023 \u2013\u00a0Primo incontro territoriale, dei tre programmati dall\u2019Assessorato degli Enti locali, a Lodine per le risorse da destinare ai Comuni montani&#8230;<\/p>\n","protected":false},"author":2,"featured_media":238159,"comment_status":"closed","ping_status":"open","sticky":false,"template":"","format":"standard","meta":[],"categories":[49,52],"tags":[],"_links":{"self":[{"href":"https:\/\/www.cronacaonline.it\/index.php\/wp-json\/wp\/v2\/posts\/238158"}],"collection":[{"href":"https:\/\/www.cronacaonline.it\/index.php\/wp-json\/wp\/v2\/posts"}],"about":[{"href":"https:\/\/www.cronacaonline.it\/index.php\/wp-json\/wp\/v2\/types\/post"}],"author":[{"embeddable":true,"href":"https:\/\/www.cronacaonline.it\/index.php\/wp-json\/wp\/v2\/users\/2"}],"replies":[{"embeddable":true,"href":"https:\/\/www.cronacaonline.it\/index.php\/wp-json\/wp\/v2\/comments?post=238158"}],"version-history":[{"count":1,"href":"https:\/\/www.cronacaonline.it\/index.php\/wp-json\/wp\/v2\/posts\/238158\/revisions"}],"predecessor-version":[{"id":238160,"href":"https:\/\/www.cronacaonline.it\/index.php\/wp-json\/wp\/v2\/posts\/238158\/revisions\/238160"}],"wp:featuredmedia":[{"embeddable":true,"href":"https:\/\/www.cronacaonline.it\/index.php\/wp-json\/wp\/v2\/media\/238159"}],"wp:attachment":[{"href":"https:\/\/www.cronacaonline.it\/index.php\/wp-json\/wp\/v2\/media?parent=238158"}],"wp:term":[{"taxonomy":"category","embeddable":true,"href":"https:\/\/www.cronacaonline.it\/index.php\/wp-json\/wp\/v2\/categories?post=238158"},{"taxonomy":"post_tag","embeddable":true,"href":"https:\/\/www.cronacaonline.it\/index.php\/wp-json\/wp\/v2\/tags?post=238158"}],"curies":[{"name":"wp","href":"https:\/\/api.w.org\/{rel}","templated":true}]}}