{"id":238112,"date":"2023-07-11T05:29:21","date_gmt":"2023-07-11T03:29:21","guid":{"rendered":"https:\/\/www.cronacaonline.it\/?p=238112"},"modified":"2023-07-11T05:29:24","modified_gmt":"2023-07-11T03:29:24","slug":"ponte-diana-lassessore-saiu-soluzione-condivisa-e-di-buon-senso","status":"publish","type":"post","link":"https:\/\/www.cronacaonline.it\/index.php\/2023\/07\/11\/ponte-diana-lassessore-saiu-soluzione-condivisa-e-di-buon-senso\/","title":{"rendered":"Ponte diana, l\u2019assessore Saiu: \u201csoluzione condivisa e di buon senso\u201d"},"content":{"rendered":"\n<p>Cagliari, 11 Lug 2023\u00a0\u2013 \u201cQuella raggiunta ieri con il coinvolgimento di Anas, Enel e i sindaci del territorio \u00e8 una soluzione di buonsenso improntata a dare risposte alla viabilit\u00e0 del territorio, gi\u00e0 da tempo penalizzata, e salvaguardare nel contempo la stagione turistica\u201d. Lo dichiara l\u2019assessore regionale dei Lavori Pubblici, Pierluigi Saiu al temine del tavolo tecnico riunito oggi in assessorato sugli interventi di consolidamento sul ponte Diana della SS392, sul lago Coghianas.<\/p>\n\n\n\n<p>\u201cLe criticit\u00e0 \u2013 sottolinea l\u2019assessore Saiu \u2013 nascono in seguito alle maggiori precipitazioni che si sono verificate tra la fine di maggio e primi di giugno: circa 60 milioni di metri cubi che hanno finito inevitabilmente per incidere sul cronoprogramma degli interventi con un ritardo di circa due mesi e mezzo. Una situazione imponderabile che oggi ha richiesto un ulteriore sforzo da parte di tutti per contemperare le diverse esigenze. Entro il 15 settembre il livello del bacino raggiunger\u00e0 i 152 metri, quota necessaria ad avviare i lavori sui piloni in alveo. Anas ha previsto doppi turni di lavoro sulle infrastrutture per ridurre i tempi d\u2019esecuzione dell\u2019intervento, facendosi carico dei maggiori costi. Grazie allo sforzo congiunto di Anas ed Enel si potranno cos\u00ec ridurre in modo significativo i ritardi dovuti alle precipitazioni straordinarie\u201d.&nbsp;Com<\/p>\n","protected":false},"excerpt":{"rendered":"<p>Cagliari, 11 Lug 2023\u00a0\u2013 \u201cQuella raggiunta ieri con il coinvolgimento di Anas, Enel e i sindaci del territorio \u00e8 una soluzione di buonsenso improntata a&#8230;<\/p>\n","protected":false},"author":2,"featured_media":236177,"comment_status":"closed","ping_status":"open","sticky":false,"template":"","format":"standard","meta":[],"categories":[49,52],"tags":[],"_links":{"self":[{"href":"https:\/\/www.cronacaonline.it\/index.php\/wp-json\/wp\/v2\/posts\/238112"}],"collection":[{"href":"https:\/\/www.cronacaonline.it\/index.php\/wp-json\/wp\/v2\/posts"}],"about":[{"href":"https:\/\/www.cronacaonline.it\/index.php\/wp-json\/wp\/v2\/types\/post"}],"author":[{"embeddable":true,"href":"https:\/\/www.cronacaonline.it\/index.php\/wp-json\/wp\/v2\/users\/2"}],"replies":[{"embeddable":true,"href":"https:\/\/www.cronacaonline.it\/index.php\/wp-json\/wp\/v2\/comments?post=238112"}],"version-history":[{"count":1,"href":"https:\/\/www.cronacaonline.it\/index.php\/wp-json\/wp\/v2\/posts\/238112\/revisions"}],"predecessor-version":[{"id":238113,"href":"https:\/\/www.cronacaonline.it\/index.php\/wp-json\/wp\/v2\/posts\/238112\/revisions\/238113"}],"wp:featuredmedia":[{"embeddable":true,"href":"https:\/\/www.cronacaonline.it\/index.php\/wp-json\/wp\/v2\/media\/236177"}],"wp:attachment":[{"href":"https:\/\/www.cronacaonline.it\/index.php\/wp-json\/wp\/v2\/media?parent=238112"}],"wp:term":[{"taxonomy":"category","embeddable":true,"href":"https:\/\/www.cronacaonline.it\/index.php\/wp-json\/wp\/v2\/categories?post=238112"},{"taxonomy":"post_tag","embeddable":true,"href":"https:\/\/www.cronacaonline.it\/index.php\/wp-json\/wp\/v2\/tags?post=238112"}],"curies":[{"name":"wp","href":"https:\/\/api.w.org\/{rel}","templated":true}]}}