{"id":238106,"date":"2023-07-10T15:13:52","date_gmt":"2023-07-10T13:13:52","guid":{"rendered":"https:\/\/www.cronacaonline.it\/?p=238106"},"modified":"2023-07-10T15:13:54","modified_gmt":"2023-07-10T13:13:54","slug":"sassari-incontro-per-il-museo-tavolara-e-del-carmelo-lassessore-salaris-forte-volonta-di-rendere-fruibili-al-pubblico-le-opere-di-giuseppe-biasi","status":"publish","type":"post","link":"https:\/\/www.cronacaonline.it\/index.php\/2023\/07\/10\/sassari-incontro-per-il-museo-tavolara-e-del-carmelo-lassessore-salaris-forte-volonta-di-rendere-fruibili-al-pubblico-le-opere-di-giuseppe-biasi\/","title":{"rendered":"Sassari, incontro per il Museo Tavolara e del Carmelo. L\u2019assessore Salaris: \u201cforte volont\u00e0 di rendere fruibili al pubblico le opere di Giuseppe Biasi\u201d."},"content":{"rendered":"\n<p>Sassari, 10 Lug 2023 \u2013\u00a0Via libera dell\u2019Assessorato degli Enti locali all\u2019esposizione delle 11 opere appena restaurate di Giuseppe Biasi, uno dei pi\u00f9 rappresentativi pittori del \u2018900, nella Pinacoteca comunale, a cui se ne potrebbero presto aggiungere altre 213 per le quali l\u2019Assessore ha chiesto di verificare lo stato di conservazione.<\/p>\n\n\n\n<p>Si \u00e8 svolto questa mattina a Sassari l\u2019incontro di carattere istituzionale teso a dare seguito alla valorizzazione delle strutture e opere artistiche di propriet\u00e0 della Regione. Rientrano infatti nella titolarit\u00e0 dell\u2019Assessorato degli Enti locali il Museo Tavolara, dato in comodato al Comune di Sassari il 15 marzo di quest\u2019anno, e la collezione di Giuseppe Biasi (11 quelle appena restaurate), di propriet\u00e0 regionale e di recente restauro da parte della Soprintendenza, ospitata al momento nel caveau del Museo del Carmelo (di propriet\u00e0 della Provincia di Sassari).<\/p>\n\n\n\n<p>\u00c8 proprio in prosecuzione del comodato sottoscritto con il Comune di Sassari per le attivit\u00e0 culturali, mostre ed eventi di richiamo turistico per la citt\u00e0, che l\u2019Assessore Salaris si \u00e8 fatto promotore della convocazione dell\u2019incontro. All\u2019incontro, oltre all\u2019Assessore Salaris, erano presenti i rappresentanti della direzione generale dell\u2019Assessorato della Cultura, i rappresentanti del Comune di Sassari, della Soprintendenza e della Direzione Regionale Musei Sardegna.<\/p>\n\n\n\n<p>Al centro dell\u2019incontro non solo l'avanzamento sull'iter per la realizzazione e gestione dei musei regionali Tavolara e Carmelo ma anche, proprio nelle more della collocazione definitiva nel museo del Carmelo, la proposta dello stesso Assessore Salaris di rendere fruibili al pubblico le opere appena restaurate di Giuseppe Biasi e, in prospettiva, le altre in&nbsp;&nbsp;buono stato di conservazione e che al momento, ha spiegato l\u2019Assessore Salaris, \u201cpotrebbero essere esibite insieme alle 11 appena restaurate\u201d.<\/p>\n\n\n\n<p>Pi\u00f9 nel dettaglio, rispetto alla collezione del Biasi (286 complessive), 11 sono state restaurate e si trovano al momento presso il centro restauro di Li Punti, per le 62 opere che necessitano di un intervento urgente quindi ancora da restaurare verranno affidati presto i lavori mentre per le restanti 213 l\u2019Assessore Salaris ha chiesto che possano essere esposte e quindi rese fruibili insieme con le 11 appena restaurate.<\/p>\n\n\n\n<p>\u201cQuello odierno rappresenta un aggiornamento fondamentale che ha come obiettivo quello di arrivare a conclusione dell\u2019accordo sottoscritto a suo tempo \u2013 ha spiegato l\u2019Assessore Salaris \u2013<\/p>\n\n\n\n<p>Mettere a valore le strutture, come si \u00e8 fatto con il museo Tavolara, e le opere rappresenta un importante veicolo di sviluppo e un formidabile attrattore per la citt\u00e0 di Sassari. Sono convinto \u2013 ha proseguito l\u2019Assessore - che i tempi siano maturi anche per capire, grazie all\u2019aiuto della Soprintendenza, quanta parte della collezione del Biasi possa immediatamente essere resa fruibile e per procedere con una ricognizione tesa a verificare lo stato di salute delle 213 opere affinch\u00e9 possano venire esposte e quindi restituite alla collettivit\u00e0\u201d.<\/p>\n\n\n\n<p>L\u2019Assessore ha quindi dato l\u2019autorizzazione affinch\u00e9 le 11 opere restaurate possano essere immediatamente esposte nella Pinacoteca di Piazza Santa Caterina e trovato l\u2019intesa con tutti i soggetti coinvolti affinch\u00e9 anche le altre 213 opere, una volta certificato lo stato di salute, possano essere ospitate temporaneamente sempre presso la Pinacoteca. Il Museo del Carmelo sar\u00e0 la sede finale delle opere di Giuseppe Biasi. Com<\/p>\n","protected":false},"excerpt":{"rendered":"<p>Sassari, 10 Lug 2023 \u2013\u00a0Via libera dell\u2019Assessorato degli Enti locali all\u2019esposizione delle 11 opere appena restaurate di Giuseppe Biasi, uno dei pi\u00f9 rappresentativi pittori del&#8230;<\/p>\n","protected":false},"author":2,"featured_media":238107,"comment_status":"closed","ping_status":"open","sticky":false,"template":"","format":"standard","meta":[],"categories":[49,52],"tags":[],"_links":{"self":[{"href":"https:\/\/www.cronacaonline.it\/index.php\/wp-json\/wp\/v2\/posts\/238106"}],"collection":[{"href":"https:\/\/www.cronacaonline.it\/index.php\/wp-json\/wp\/v2\/posts"}],"about":[{"href":"https:\/\/www.cronacaonline.it\/index.php\/wp-json\/wp\/v2\/types\/post"}],"author":[{"embeddable":true,"href":"https:\/\/www.cronacaonline.it\/index.php\/wp-json\/wp\/v2\/users\/2"}],"replies":[{"embeddable":true,"href":"https:\/\/www.cronacaonline.it\/index.php\/wp-json\/wp\/v2\/comments?post=238106"}],"version-history":[{"count":1,"href":"https:\/\/www.cronacaonline.it\/index.php\/wp-json\/wp\/v2\/posts\/238106\/revisions"}],"predecessor-version":[{"id":238108,"href":"https:\/\/www.cronacaonline.it\/index.php\/wp-json\/wp\/v2\/posts\/238106\/revisions\/238108"}],"wp:featuredmedia":[{"embeddable":true,"href":"https:\/\/www.cronacaonline.it\/index.php\/wp-json\/wp\/v2\/media\/238107"}],"wp:attachment":[{"href":"https:\/\/www.cronacaonline.it\/index.php\/wp-json\/wp\/v2\/media?parent=238106"}],"wp:term":[{"taxonomy":"category","embeddable":true,"href":"https:\/\/www.cronacaonline.it\/index.php\/wp-json\/wp\/v2\/categories?post=238106"},{"taxonomy":"post_tag","embeddable":true,"href":"https:\/\/www.cronacaonline.it\/index.php\/wp-json\/wp\/v2\/tags?post=238106"}],"curies":[{"name":"wp","href":"https:\/\/api.w.org\/{rel}","templated":true}]}}