{"id":238077,"date":"2023-07-08T15:48:30","date_gmt":"2023-07-08T13:48:30","guid":{"rendered":"https:\/\/www.cronacaonline.it\/?p=238077"},"modified":"2023-07-08T15:48:33","modified_gmt":"2023-07-08T13:48:33","slug":"ospedale-unico-carla-cuccu-idea-sardegna-spettava-al-comune-di-cagliari-individuare-le-aree-idonee","status":"publish","type":"post","link":"https:\/\/www.cronacaonline.it\/index.php\/2023\/07\/08\/ospedale-unico-carla-cuccu-idea-sardegna-spettava-al-comune-di-cagliari-individuare-le-aree-idonee\/","title":{"rendered":"Ospedale unico, Carla Cuccu (Idea Sardegna): \u2018spettava al comune di Cagliari individuare le aree idonee\u2019."},"content":{"rendered":"\n<p>Cagliari, 8 Lug 2023 \u2013 \u201cHo depositato nei giorni scorsi una nuova interrogazione. L\u2019obiettivo \u00e8 quello di capire quali sono le motivazioni per cui la Regione Sardegna abbia speso soldi dei contribuenti per un nuovo studio di fattibilit\u00e0, quando la realt\u00e0 dei fatti ci indica, che chi se ne dovesse occupare di individuare le aree idonee al nuovo ospedale, fosse il Comune di Cagliari\u201d.<\/p>\n\n\n\n<p>\u201cSpetta quindi al Comune di Cagliari individuare le aree per la creazione del nuovo ospedale unico e parrebbe evidente lo sconfinamento di poteri della Regione\u201d. Scrive in una nota la consigliera regionale di Idea Sardegna Alleanza Civica Identitaria.<br>Il Sindaco di Cagliari Truzzu, ha dichiarato all\u2019Ansa lo scorso 30 Giugno, che la zona di Sant\u2019Elia era da destinarsi solo ed esclusivamente allo Stadio nuovo e non erano state prese minimamente in considerazione progetti o idee relative all\u2019ospedale unico in quell\u2019area della citt\u00e0.<br>\u201cNegli ultimi giorni il presidente Solinas ha cambiato completamente toni ed intenzioni, dichiarandosi sconfitto nell'ultimo vertice di maggioranza, con l\u2019ufficialit\u00e0 dello Stadio a Sant\u2019Elia e con la conferma degli investimenti per la piastra tecnologica al Brotzu.<br>Non si capisce pi\u00f9 quale sia la linea che il Presidente della Sardegna voglia seguire e quali siano i giochi di forze che l\u2019hanno portato a provare tutte queste strade per l\u2019ospedale unico a Sant\u2019Elia\u201d.<\/p>\n\n\n\n<p>\u201cNon si capisce il motivo per il quale siano stati stanziati, in tempi record di soli 3 giorni, dalla Regione Sardegna 138.999,00 euro per un nuovo studio di fattibilit\u00e0 gi\u00e0 fatto nel 2021 al costo di euro 132.000,00 euro (sempre con soldi pubblici) che, in realt\u00e0 avrebbe dovuto commissionare il Comune di Cagliari\u201d.<\/p>\n\n\n\n<p>\u201cHo quindi interrogato il presidente e l\u2019assessore Doria per capire quali siano le strategie e le azioni che intende svolgere per rendere maggiormente funzionali gli ospedali di Cagliari. Dobbiamo migliorare e rendere efficienti i nostri ospedali e le nostre eccellenze, non distruggerle o pensare di spendere ulteriori soldi per nuovi ospedali.<br>Quello dell\u2019ospedale unico \u00e8 un qualcosa che verr\u00e0 dopo. Non \u00e8 la priorit\u00e0 per la sanit\u00e0 della Sardegna\u201d.<\/p>\n\n\n\n<p>\u201cHo anche chiesto \u2013 continua la consigliera - come mai abbia disposto un ulteriore studio di fattibilit\u00e0, proprio sotto soglia d\u2019appalto, pur consapevole che fosse di competenza del comune di Cagliari. Qualcosa non torna ed \u00e8 chiaro\".<\/p>\n\n\n\n<p>\u201cAspetter\u00f2 risposta scritta in merito e non mi fermer\u00f2 sino a quando non verr\u00e0 raccontata la verit\u00e0 ai cittadini\u201d, - conclude l\u2019avvocato Cuccu - segretaria della commissione sanit\u00e0 in consiglio regionale. Prosegue \u201cSi terminino gli investimenti sulle nostre eccellenze. Sono sicura che la giunta potr\u00e0 fare scelte mirate per potenziare ed efficientare i nostri nosocomi.<br>La sanit\u00e0 pubblica della Sardegna deve migliorare per tornare ad essere l'eccellente riferimento regionale e nazionale ed essere pronta all'arrivo dei turisti\". Com<\/p>\n","protected":false},"excerpt":{"rendered":"<p>Cagliari, 8 Lug 2023 \u2013 \u201cHo depositato nei giorni scorsi una nuova interrogazione. L\u2019obiettivo \u00e8 quello di capire quali sono le motivazioni per cui la&#8230;<\/p>\n","protected":false},"author":2,"featured_media":236153,"comment_status":"closed","ping_status":"open","sticky":false,"template":"","format":"standard","meta":[],"categories":[49,52],"tags":[],"_links":{"self":[{"href":"https:\/\/www.cronacaonline.it\/index.php\/wp-json\/wp\/v2\/posts\/238077"}],"collection":[{"href":"https:\/\/www.cronacaonline.it\/index.php\/wp-json\/wp\/v2\/posts"}],"about":[{"href":"https:\/\/www.cronacaonline.it\/index.php\/wp-json\/wp\/v2\/types\/post"}],"author":[{"embeddable":true,"href":"https:\/\/www.cronacaonline.it\/index.php\/wp-json\/wp\/v2\/users\/2"}],"replies":[{"embeddable":true,"href":"https:\/\/www.cronacaonline.it\/index.php\/wp-json\/wp\/v2\/comments?post=238077"}],"version-history":[{"count":1,"href":"https:\/\/www.cronacaonline.it\/index.php\/wp-json\/wp\/v2\/posts\/238077\/revisions"}],"predecessor-version":[{"id":238078,"href":"https:\/\/www.cronacaonline.it\/index.php\/wp-json\/wp\/v2\/posts\/238077\/revisions\/238078"}],"wp:featuredmedia":[{"embeddable":true,"href":"https:\/\/www.cronacaonline.it\/index.php\/wp-json\/wp\/v2\/media\/236153"}],"wp:attachment":[{"href":"https:\/\/www.cronacaonline.it\/index.php\/wp-json\/wp\/v2\/media?parent=238077"}],"wp:term":[{"taxonomy":"category","embeddable":true,"href":"https:\/\/www.cronacaonline.it\/index.php\/wp-json\/wp\/v2\/categories?post=238077"},{"taxonomy":"post_tag","embeddable":true,"href":"https:\/\/www.cronacaonline.it\/index.php\/wp-json\/wp\/v2\/tags?post=238077"}],"curies":[{"name":"wp","href":"https:\/\/api.w.org\/{rel}","templated":true}]}}