{"id":237991,"date":"2023-07-06T15:27:04","date_gmt":"2023-07-06T13:27:04","guid":{"rendered":"https:\/\/www.cronacaonline.it\/?p=237991"},"modified":"2023-07-06T15:27:06","modified_gmt":"2023-07-06T13:27:06","slug":"miniera-genna-tres-montis-assessore-pili-la-giunta-sardegna-approva-la-proroga-delle-attivita-per-la-custodia-del-sito-minerario-e-il-passaggio-del-personale-alla-laveria-di-assemini","status":"publish","type":"post","link":"https:\/\/www.cronacaonline.it\/index.php\/2023\/07\/06\/miniera-genna-tres-montis-assessore-pili-la-giunta-sardegna-approva-la-proroga-delle-attivita-per-la-custodia-del-sito-minerario-e-il-passaggio-del-personale-alla-laveria-di-assemini\/","title":{"rendered":"Miniera Genna Tres Montis, Assessore Pili: la Giunta Sardegna approva la proroga delle attivit\u00e0 per la custodia del sito minerario e il passaggio del personale alla laveria di Assemini."},"content":{"rendered":"\n<p>Cagliari,\u00a06 Lug 2023\u00a0\u2013 \u201cManteniamo gli impegni presi al tavolo di venerd\u00ec scorso con i lavoratori: in questo modo viene garantito il periodo di transizione tra Igea e la societ\u00e0 privata Mineraria Gerrei. Chi sceglie di rimanere con Igea, momentaneamente e nelle more dell\u2019assegnazione degli altri cantieri rientranti nella parte non in concessione al soggetto privato, verr\u00e0 provvisoriamente trasferito alla Laveria di Assemini\u201d. Lo afferma l\u2019assessore dell\u2019Industria, Anita Pili, commentando l\u2019approvazione, in data odierna, della delibera di Giunta che proroga le attivit\u00e0 relative alla convenzione per la custodia della miniera di Genna Tres Montis.<\/p>\n\n\n\n<p>\u201cEra necessario \u2013 prosegue l\u2019assessore Pili \u2013 garantire che la transizione tra Igea e la Societ\u00e0 Mineraria Gerrei, avvenisse senza interruzione dei servizi essenziali per la sicurezza e il mantenimento del giacimento della Miniera di Genna Tres Montis. Era altrettanto importante garantire ai lavoratori una continuit\u00e0 occupazionale senza che ci\u00f2 comportasse dei disagi allontanandoli dai loro territori. Si tratter\u00e0 in ogni caso \u2013 precisa l\u2019assessore dell\u2019Industria \u2013 di un trasferimento temporaneo dei lavoratori alla Laveria di Assemini, per poterli poi riportare nel territorio. Questo consentir\u00e0 una facilitazione nelle relazioni tra amministratore e lavoratori nella continuit\u00e0 lavorativa, e altres\u00ec tra i lavoratori e il soggetto privato, per coloro che sceglieranno di passare alla nuova societ\u00e0\u201d.<\/p>\n\n\n\n<p>\u201c\u00c8 notizia di&nbsp;questa mattina&nbsp;\u2013 conclude l\u2019assessore Pili \u2013 che Igea ha dato disposizioni di non far accedere i lavoratori alla Laveria di Assemini. Non si tratta della prima occasione in cui il concessionario contravviene ad una disposizione della Giunta. Con l\u2019approvazione della delibera di&nbsp;oggi, speriamo che ogni \u2018fraintendimento\u2019 sia chiarito, a beneficio di tutti\u201d.<\/p>\n\n\n\n<p>L\u2019assessore dell\u2019Industria, in collegamento telefonico nelle ore precedenti alla riunione di Giunta con i dipendenti rimasti con Igea, ha rinnovato loro il massimo impegno da parte della Regione per accompagnarli in questo percorso di transito. \u201cLa Regione ha sempre garantito e continuer\u00e0 a garantire il proprio sostegno ai lavoratori fino a che l\u2019iter di passaggio non sar\u00e0 concluso\u201d.<\/p>\n","protected":false},"excerpt":{"rendered":"<p>Cagliari,\u00a06 Lug 2023\u00a0\u2013 \u201cManteniamo gli impegni presi al tavolo di venerd\u00ec scorso con i lavoratori: in questo modo viene garantito il periodo di transizione tra&#8230;<\/p>\n","protected":false},"author":2,"featured_media":223451,"comment_status":"closed","ping_status":"open","sticky":false,"template":"","format":"standard","meta":[],"categories":[49,52],"tags":[],"_links":{"self":[{"href":"https:\/\/www.cronacaonline.it\/index.php\/wp-json\/wp\/v2\/posts\/237991"}],"collection":[{"href":"https:\/\/www.cronacaonline.it\/index.php\/wp-json\/wp\/v2\/posts"}],"about":[{"href":"https:\/\/www.cronacaonline.it\/index.php\/wp-json\/wp\/v2\/types\/post"}],"author":[{"embeddable":true,"href":"https:\/\/www.cronacaonline.it\/index.php\/wp-json\/wp\/v2\/users\/2"}],"replies":[{"embeddable":true,"href":"https:\/\/www.cronacaonline.it\/index.php\/wp-json\/wp\/v2\/comments?post=237991"}],"version-history":[{"count":1,"href":"https:\/\/www.cronacaonline.it\/index.php\/wp-json\/wp\/v2\/posts\/237991\/revisions"}],"predecessor-version":[{"id":237992,"href":"https:\/\/www.cronacaonline.it\/index.php\/wp-json\/wp\/v2\/posts\/237991\/revisions\/237992"}],"wp:featuredmedia":[{"embeddable":true,"href":"https:\/\/www.cronacaonline.it\/index.php\/wp-json\/wp\/v2\/media\/223451"}],"wp:attachment":[{"href":"https:\/\/www.cronacaonline.it\/index.php\/wp-json\/wp\/v2\/media?parent=237991"}],"wp:term":[{"taxonomy":"category","embeddable":true,"href":"https:\/\/www.cronacaonline.it\/index.php\/wp-json\/wp\/v2\/categories?post=237991"},{"taxonomy":"post_tag","embeddable":true,"href":"https:\/\/www.cronacaonline.it\/index.php\/wp-json\/wp\/v2\/tags?post=237991"}],"curies":[{"name":"wp","href":"https:\/\/api.w.org\/{rel}","templated":true}]}}