{"id":237985,"date":"2023-07-06T15:21:13","date_gmt":"2023-07-06T13:21:13","guid":{"rendered":"https:\/\/www.cronacaonline.it\/?p=237985"},"modified":"2023-07-06T15:21:15","modified_gmt":"2023-07-06T13:21:15","slug":"turismo-ad-ottobre-noi-camminiamo-in-sardegna-assessore-chessa-un-progetto-di-promozione-turistica-un-modello-di-turismo-esperenziale-tra-cammini-borghi-e-ospitalita","status":"publish","type":"post","link":"https:\/\/www.cronacaonline.it\/index.php\/2023\/07\/06\/turismo-ad-ottobre-noi-camminiamo-in-sardegna-assessore-chessa-un-progetto-di-promozione-turistica-un-modello-di-turismo-esperenziale-tra-cammini-borghi-e-ospitalita\/","title":{"rendered":"Turismo, ad ottobre \u201cnoi camminiamo in Sardegna\u201d. Assessore Chessa: \u2018un progetto di promozione turistica, un modello di turismo esperenziale, tra cammini, borghi e ospitalit\u00e0\u2019."},"content":{"rendered":"\n<p>Cagliari,\u00a06 Lug\u00a02023 \u2013\u00a0\u201cUn modello di turismo esperienziale, tra cammini, borghi e ospitalit\u00e0. Un viaggio nella Sardegna pi\u00f9 autentica e profonda lungo le vie percorse nel corso dei secoli dai pellegrini. Questo sar\u00e0 il filo conduttore della seconda edizione di \u2018Noi camminiamo in Sardegna\u2019, una proposta di\u00a0turismo lento e sostenibile, cardine della strategia promozionale della Regione. Infatti,\u00a0identit\u00e0 e tradizioni, accoglienza nei territori e senso di comunit\u00e0 sono valori che vogliamo promuovere nei mercati nazionale e internazionale\u201d.\u00a0Lo ha detto l\u2019assessore regionale del Turismo, Gianni Chessa, durante la presentazione dell\u2019edizione 2023 della manifestazione\u00a0che si svolger\u00e0\u00a0dal 2\u00a0al 7 ottobre 2023. Quindici\u00a0itinerari\u00a0che attraverseranno oltre\u00a070 comuni\u00a0lungo i\u00a0sette cammini\u00a0(Cammino Minerario di Santa Barbara, Santu Jacu, San Giorgio Vescovo di Suelli, Sant\u2019Efisio, 100 Torri, le Vie dei Santuari e Francescano in Sardegna) e le\u00a0otto Destinazioni di pellegrinaggio\u00a0(Borutta, Dorgali, Galtell\u00ec, Gesturi, Laconi, Luogosanto, Orgosolo e Sant\u2019Antioco), iscritti nel Registro ufficiale dei Cammini, per un totale di circa 1.000\u00a0chilometri.<\/p>\n\n\n\n<p>\u201cAttraverso una proposta turistica unitaria,&nbsp;articolata in Cammini, Destinazioni di pellegrinaggio, Luoghi francescani e Borghi,&nbsp;vogliamo andare oltre il tradizionale e consolidato turismo balneare, con l\u2019obiettivo di destagionalizzare \u2013 ha aggiunto l\u2019assessore Chessa \u2013 Occupandoci anche di temi importanti come la sostenibilit\u00e0, la lotta allo spopolamento, il presidio del territorio e la valorizzazione, soprattutto in periodi di bassa stagione, delle zone interne\u201d.<\/p>\n\n\n\n<p>\u201cLa manifestazione coinvolger\u00e0&nbsp;circa&nbsp;500 persone,&nbsp;tra esperti e addetti ai lavori (100 dei quali provenienti dal resto d\u2019Italia), compresi&nbsp;giornalisti specializzati, influencer, esperti di cammini, videoreporter, guide turistiche e appassionati,&nbsp;che attraverseranno i principali cammini e itinerari della Sardegna per poi incontrarsi in un borgo identitario, quest\u2019anno sar\u00e0 quello di&nbsp;Laconi,&nbsp;per condividere e confrontarsi, oltre che per pianificare l\u2019edizione 2024\u201d, ha spiegato l\u2019Assessore del Turismo. Com<\/p>\n","protected":false},"excerpt":{"rendered":"<p>Cagliari,\u00a06 Lug\u00a02023 \u2013\u00a0\u201cUn modello di turismo esperienziale, tra cammini, borghi e ospitalit\u00e0. Un viaggio nella Sardegna pi\u00f9 autentica e profonda lungo le vie percorse nel&#8230;<\/p>\n","protected":false},"author":2,"featured_media":237986,"comment_status":"closed","ping_status":"open","sticky":false,"template":"","format":"standard","meta":[],"categories":[49,52],"tags":[],"_links":{"self":[{"href":"https:\/\/www.cronacaonline.it\/index.php\/wp-json\/wp\/v2\/posts\/237985"}],"collection":[{"href":"https:\/\/www.cronacaonline.it\/index.php\/wp-json\/wp\/v2\/posts"}],"about":[{"href":"https:\/\/www.cronacaonline.it\/index.php\/wp-json\/wp\/v2\/types\/post"}],"author":[{"embeddable":true,"href":"https:\/\/www.cronacaonline.it\/index.php\/wp-json\/wp\/v2\/users\/2"}],"replies":[{"embeddable":true,"href":"https:\/\/www.cronacaonline.it\/index.php\/wp-json\/wp\/v2\/comments?post=237985"}],"version-history":[{"count":1,"href":"https:\/\/www.cronacaonline.it\/index.php\/wp-json\/wp\/v2\/posts\/237985\/revisions"}],"predecessor-version":[{"id":237987,"href":"https:\/\/www.cronacaonline.it\/index.php\/wp-json\/wp\/v2\/posts\/237985\/revisions\/237987"}],"wp:featuredmedia":[{"embeddable":true,"href":"https:\/\/www.cronacaonline.it\/index.php\/wp-json\/wp\/v2\/media\/237986"}],"wp:attachment":[{"href":"https:\/\/www.cronacaonline.it\/index.php\/wp-json\/wp\/v2\/media?parent=237985"}],"wp:term":[{"taxonomy":"category","embeddable":true,"href":"https:\/\/www.cronacaonline.it\/index.php\/wp-json\/wp\/v2\/categories?post=237985"},{"taxonomy":"post_tag","embeddable":true,"href":"https:\/\/www.cronacaonline.it\/index.php\/wp-json\/wp\/v2\/tags?post=237985"}],"curies":[{"name":"wp","href":"https:\/\/api.w.org\/{rel}","templated":true}]}}