{"id":237982,"date":"2023-07-06T15:17:56","date_gmt":"2023-07-06T13:17:56","guid":{"rendered":"https:\/\/www.cronacaonline.it\/?p=237982"},"modified":"2023-07-06T15:17:58","modified_gmt":"2023-07-06T13:17:58","slug":"lavoro-al-via-lavviso-per-i-cantieri-occupazionali-lassessore-lai-andiamo-oltre-lassistenzialismo-investendo-risorse-in-politiche-attive-del-lavoro-per-1600-diso","status":"publish","type":"post","link":"https:\/\/www.cronacaonline.it\/index.php\/2023\/07\/06\/lavoro-al-via-lavviso-per-i-cantieri-occupazionali-lassessore-lai-andiamo-oltre-lassistenzialismo-investendo-risorse-in-politiche-attive-del-lavoro-per-1600-diso\/","title":{"rendered":"Lavoro, al via l\u2019avviso per i cantieri occupazionali. L\u2019assessore Lai: \u201candiamo oltre l\u2019assistenzialismo investendo risorse in politiche attive del lavoro per 1600 disoccupati\u201d."},"content":{"rendered":"\n<p>Cagliari, 6 Lug 2023 -\u00a0L\u2019assessorato regionale del Lavoro ha pubblicato l\u2019Avviso da 37.000.000,00 \u201cCantieri di nuova attivazione - annualit\u00e0 2023\u201d del Programma Integrato Plurifondo LavoRAS. Lo ha annunciato, stamane l\u2019assessore Ada Lai, durante una conferenza stampa tenutasi nella sede dell\u2019Assessorato.\u00a0\u201cAndiamo oltre l\u2019assistenzialismo, perch\u00e9 la dignit\u00e0 dell\u2019uomo chiede molto di pi\u00f9 - afferma l\u2019assessore del Lavoro, Ada Lai - Una misura di coesione per rafforzare il territori mettendo al centro gli enti locali. Investiamo risorse ingenti in politiche attive che favoriscono l'occupazione e lo sviluppo locale. Un avviso tanto atteso dalle amministrazioni comunali che ha una duplice finalit\u00e0: combattere la disoccupazione\u00a0favorendo il reinserimento lavorativo delle categorie pi\u00f9 svantaggiate e sostenere le amministrazioni comunali. Attraverso questa misura, infatti, i sindaci potranno reclutare personale in base al proprio fabbisogno. Potranno prendere tutte le figure professionali richieste, anche quelle pi\u00f9 specializzate: dagli operai, agli ingegneri, dai contabili agli assistenti sociali.\u00a0\u00a0I cantieri occupazionali - aggiunge l\u2019esponente dell\u2019esecutivo Solinas - non solo sono un\u2019alternativa concreta al reddito di cittadinanza, ma soprattutto un\u2019opportunit\u00e0 lavorativa concreta per quelle persone con un basso livello di occupabilit\u00e0. Lavori veri, non lavoretti, abbiamo, infatti, aumentato le ore settimanali e raddoppiato il contributo per ogni lavatore per garantire retribuzioni adeguate. Non ci fermiamo qui - conclude Lai - l\u2019intervento sar\u00e0 riprogrammato ed esteso ad altri settori come i cantieri archeologici\u201d.<\/p>\n\n\n\n<p>&nbsp;Il bando, che fa seguito alla delibera n.13 approvata lo scorso mese di aprile dalla Giunta regionale, \u00e8 rivolto ai 377 Comuni della Sardegna per l\u2019attivazione di nuovi cantieri occupazionali per circa 1.600 disoccupate\/disoccupati.<\/p>\n\n\n\n<p>\u201cLa Regione ha dato una risposta alle esigenze degli enti locali - ha affermato Paola Secci, sindaca di Sestu e presidente del Consiglio delle Autonomie Locali - Questa \u00e8 una misura importante, potenziata alla luce delle sperimentazioni passate. L\u2019avviso garantisce una procedura pi\u00f9 snella e attuabile che permetter\u00e0 di dare lavoro a quelle persone disoccupate&nbsp;che hanno pi\u00f9 difficolta a reinserirsi&nbsp;nel mondo del lavoro, con il doppio obiettivo di sostenere le comunit\u00e0 e i lavoratori\u201d.<\/p>\n\n\n\n<p>\u201cAccogliamo con grande favore questa misura di sostegno al reddito - ha detto Marco Lampis, sindaco di Escalaplano, in rappresentanza dell\u2019ANCI - che giunge in un momento di sofferenza per la limitata disponibilit\u00e0 di spesa delle amministrazioni comunali,&nbsp;e va a lenire i limiti dei bilanci comunali. I cantieri, infatti,&nbsp;saranno finanziati direttamente dalla Regione con una spendita immediata delle risorse. Ci aiuter\u00e0 non solo a mantenere un elevato livello dei servizi, ma sar\u00e0 anche un\u2019occasione formativa perch\u00e9 lavorare per un Comune attraverso l\u2019inserimento in una cooperativa \u00e8 estremamente qualificante per acquisire competenze richieste dal mercato\u201d.<\/p>\n\n\n\n<p>Modalit\u00e0 - Per quanto riguarda i criteri di ripartizione delle risorse, pi\u00f9 nello specifico, l\u2019Avviso prevede un parametro del 90% per i disoccupati\/e presenti nel territorio comunale e una&nbsp;compensazione del 10% per le condizioni di spopolamento sulla base della media regionale. E\u2019 prevista, inoltre, una quota minima per il Comune di Baradili, pari a 23.796,00 \u20ac e una quota massima per i Comuni di Cagliari, Sassari e Olbia, pari a 1.500.000,00. I Comuni potranno presentare una o pi\u00f9 proposte progettuali nei limiti del budget stanziato per ciascuno di essi, che dovranno necessariamente essere approvate con deliberazione della Giunta Comunale, indicata nella scheda progettuale. Le amministrazioni comunali potranno scegliere tra una gestione diretta dei cantieri o indiretta, tramite l\u2019affidamento a societ\u00e0 in house, cooperative sociali di tipo B o del settore agricolo e forestale.<\/p>\n\n\n\n<p>Contratti - La durata dei contratti di lavoro per i quali \u00e8 erogato il contributo \u00e8 di 8 mesi continuativi, con orario settimanale articolato in almeno 30 ore per 5 giorni, sia in caso di attuazione diretta che indiretta. La durata del cantiere e, conseguentemente dei contratti di lavoro pu\u00f2 essere prorogata fino ad un massimo di 12 mensilit\u00e0 con risorse comunali. I Cantieri dovranno essere comunque completati entro e non oltre il 30 giugno 2025. I Comuni, infatti, possono cofinanziare l\u2019intervento con risorse proprie per prorogare la durata del cantiere sino ad un massimo di 12 mesi. Il cofinanziamento potr\u00e0 essere dichiarato gi\u00e0 all\u2019atto della presentazione della proposta progettuale e comunque entro e non oltre la chiusura del cantiere medesimo. Il cofinanziamento comunale dovr\u00e0 rispettare le medesime condizioni indicate nell\u2019Avviso.<\/p>\n\n\n\n<p>Destinatari - I destinatari dell\u2019avviso sono i disoccupati, che hanno dichiarato la propria immediata disponibilit\u00e0 al lavoro (DID), iscritti al Centro per l\u2019Impiego territorialmente competente per il Comune titolare del cantiere d\u2019interesse, non beneficiari di qualsiasi forma di sostegno al reddito o sovvenzione o indennit\u00e0 di disoccupazione e\/o mobilit\u00e0 (NASPI, etc.), residenti e domiciliati nel Comune titolare dell\u2019intervento, oppure non residenti, ma domiciliati nello stesso. I lavoratori residenti e domiciliati hanno la priorit\u00e0, mentre i lavoratori non residenti, ma domiciliati nel Comune, saranno collocati in subordine rispetto ai residenti.<\/p>\n\n\n\n<p>Le domande dovranno essere presentate attraverso la trasmissione della PPT (proposta progettuale telematica) esclusivamente tramite i servizi online del SIL Sardegna disponibile su&nbsp;<a href=\"http:\/\/www.sardegnalavoro.it\/\" target=\"_blank\" rel=\"noreferrer noopener\">www.sardegnalavoro.it<\/a>&nbsp;a partire dalle ore 10:00 del giorno 17 luglio 2023 ed entro e non oltre le ore 23.59 del giorno 11 settembre 2023.<\/p>\n\n\n\n<p>Le richieste di chiarimenti sulle disposizioni dell\u2019Avviso potranno essere inoltrate all\u2019indirizzo e-mail&nbsp;&nbsp;<a href=\"javascript:webmail.View.mailto(%7bmailto:'lav.cantieri2023%40regione.sardegna.it.',%20subject:%20''%7d)\">lav.cantieri2023@regione.sardegna.it.<\/a>&nbsp;Alle richieste di chiarimento verr\u00e0 data risposta in forma anonima a mezzo pubblicazione di appositi \u201cchiarimenti\u201d (FAQ) sul sito&nbsp;<a href=\"http:\/\/www.regione.sardegna.it\/\" target=\"_blank\" rel=\"noreferrer noopener\">www.regione.sardegna.it<\/a>&nbsp;sul sito&nbsp;<a href=\"http:\/\/www.sardegnalavoro.it\/\" target=\"_blank\" rel=\"noreferrer noopener\">www.sardegnalavoro.it<\/a>&nbsp;e sul sito&nbsp;<a href=\"http:\/\/www.sardegnaprogrammazione.it\/\" target=\"_blank\" rel=\"noreferrer noopener\">www.sardegnaprogrammazione.it<\/a>&nbsp;&nbsp;nella pagina relativa all\u2019Avviso.&nbsp;Com<\/p>\n","protected":false},"excerpt":{"rendered":"<p>Cagliari, 6 Lug 2023 &#8211;\u00a0L\u2019assessorato regionale del Lavoro ha pubblicato l\u2019Avviso da 37.000.000,00 \u201cCantieri di nuova attivazione &#8211; annualit\u00e0 2023\u201d del Programma Integrato Plurifondo LavoRAS.&#8230;<\/p>\n","protected":false},"author":2,"featured_media":237983,"comment_status":"closed","ping_status":"open","sticky":false,"template":"","format":"standard","meta":[],"categories":[49,52],"tags":[],"_links":{"self":[{"href":"https:\/\/www.cronacaonline.it\/index.php\/wp-json\/wp\/v2\/posts\/237982"}],"collection":[{"href":"https:\/\/www.cronacaonline.it\/index.php\/wp-json\/wp\/v2\/posts"}],"about":[{"href":"https:\/\/www.cronacaonline.it\/index.php\/wp-json\/wp\/v2\/types\/post"}],"author":[{"embeddable":true,"href":"https:\/\/www.cronacaonline.it\/index.php\/wp-json\/wp\/v2\/users\/2"}],"replies":[{"embeddable":true,"href":"https:\/\/www.cronacaonline.it\/index.php\/wp-json\/wp\/v2\/comments?post=237982"}],"version-history":[{"count":1,"href":"https:\/\/www.cronacaonline.it\/index.php\/wp-json\/wp\/v2\/posts\/237982\/revisions"}],"predecessor-version":[{"id":237984,"href":"https:\/\/www.cronacaonline.it\/index.php\/wp-json\/wp\/v2\/posts\/237982\/revisions\/237984"}],"wp:featuredmedia":[{"embeddable":true,"href":"https:\/\/www.cronacaonline.it\/index.php\/wp-json\/wp\/v2\/media\/237983"}],"wp:attachment":[{"href":"https:\/\/www.cronacaonline.it\/index.php\/wp-json\/wp\/v2\/media?parent=237982"}],"wp:term":[{"taxonomy":"category","embeddable":true,"href":"https:\/\/www.cronacaonline.it\/index.php\/wp-json\/wp\/v2\/categories?post=237982"},{"taxonomy":"post_tag","embeddable":true,"href":"https:\/\/www.cronacaonline.it\/index.php\/wp-json\/wp\/v2\/tags?post=237982"}],"curies":[{"name":"wp","href":"https:\/\/api.w.org\/{rel}","templated":true}]}}