{"id":237964,"date":"2023-07-05T17:06:05","date_gmt":"2023-07-05T15:06:05","guid":{"rendered":"https:\/\/www.cronacaonline.it\/?p=237964"},"modified":"2023-07-05T17:06:08","modified_gmt":"2023-07-05T15:06:08","slug":"dichiarazione-di-silvio-lai-deputato-pd-della-commissione-bilancio-giunta-e-maggioranza-in-piena-confusione-smentiti-dalla-realta-su-sanita-trasporti-turismo-e-lavoro","status":"publish","type":"post","link":"https:\/\/www.cronacaonline.it\/index.php\/2023\/07\/05\/dichiarazione-di-silvio-lai-deputato-pd-della-commissione-bilancio-giunta-e-maggioranza-in-piena-confusione-smentiti-dalla-realta-su-sanita-trasporti-turismo-e-lavoro\/","title":{"rendered":"Dichiarazione di Silvio Lai, deputato Pd della Commissione Bilancio. Giunta e maggioranza in piena confusione Smentiti dalla realt\u00e0 su sanit\u00e0, trasporti, turismo e lavoro."},"content":{"rendered":"\n<p>Roma, 5 Lug 2023 \u2013 In una nota, Silvio Lai, deputato Pd della Commissione Bilancio, afferma che: \u201cOggi \u00e8 sufficiente leggere i quotidiani regionali per avere chiaro il quadro della gigantesca confusione in cui versano la giunta e la maggioranza di centro destra che governa la Sardegna ormai da 4 anni e mezzo.<\/p>\n\n\n\n<p>La maggioranza boccia la giunta regionale sulla vicenda ospedali, dicendo concretamente che prima vanno avanti i progetti di riadeguamento e ristrutturazione delle strutture esistenti con oltre 220 milioni di euro gi\u00e0 impegnati e affidati e poi si faranno i nuovi ospedali, di sicuro non nei tempi di questa legislatura. Cos\u00ec il bluff di presidente e assessore alla sanit\u00e0 che cercavano di nascondere la cattiva gestione del personale sanitario e del servizio ai cittadini con roboanti annunci di grandi opere \u00e8 scoperto e il re denudato come nella favola.<\/p>\n\n\n\n<p>L\u2019assessore ai trasporti, smentito dalle autorit\u00e0 nazionali sull\u2019andamento della pessima continuit\u00e0 territoriale e della sottomissione alle compagnie aeree comunica che il problema sono il basso numero di frequenze e la mancanza di un tetto tariffario per i non residenti, esattamente quello che era presente nel bando della Giunta Pigliaru, approvato dalla Commissione europea e cancellato dalla Giunta sarda a maggio del 2019 per inseguire la promessa della tariffa unica.<\/p>\n\n\n\n<p>L\u2019assessore al turismo dice che i turisti non calano ma se calano la colpa \u00e8 degli albergatori, smentendo se stesso ed essendo smentito dai dati degli arrivi (che non distinguono dove i turisti dormono) e da tutti i dati dei consumi nei ristoranti come nelle iniziative culturali e musicali nei quali si registrano numeri non comparabili anche con quelli dello scorso anno. Dimostrando cos\u00ec, dopo la clamorosa perdita di una delle regate dell\u2019America\u2019s Cup, che fare l\u2019assessore al turismo in Sardegna richiede un livello di preparazione ed un approccio completamente diverso. Da parte nostra \u00e8 da novembre scorso che segnaliamo che l\u2019aumento dei costi di trasporto fuori controllo richiedeva un intervento autorevole e non remissivo con il Governo per evitare quello che sembra gi\u00e0 un bilancio pericolosamente al limite per l\u2019isola.<\/p>\n\n\n\n<p>E poi l\u2019assessore all\u2019industria che non sa, notizia di oggi, che nel nuorese manca il responsabile dell\u2019unit\u00e0 di crisi dell\u2019area industriale di Ottana, ma d\u2019altronde l\u2019assenza della Giunta sulla crisi del sistema industriale in Sardegna \u00e8 totale. Da due incontri sui tavoli tecnici per Portovesme non c\u2019\u00e8 n\u00e9 il Governo nazionale n\u00e9 la Regione, la cabina di regia per la chimica verde stabilita per legge nel 2022 non \u00e8 ma stata insediata n\u00e9 sollecitata dalla Regione, sulle questioni dell\u2019energia siamo alla paralisi perch\u00e9 la Regione non ha alcun peso politico presso il Governo Meloni per rivedere il decreto Draghi impugnato ormai un anno fa.<\/p>\n\n\n\n<p>Infine, ma non ultimo per importanza, il caos totale e la paralisi negli assessorati determinata dalle dimissioni della segretaria generale. Sette direttori generali che non sono pi\u00f9 operativi, riunioni che saltano, atti che non possono essere firmati. E tra questi il direttore del centro regionale di programmazione, l\u2019autorit\u00e0 per la spesa dei fondi europei e per il Pnnr, in piena paralisi. Tutto frutto di una guida politica da dilettanti allo sbaraglio.<\/p>\n\n\n\n<p>L\u2019inevitabile conclusione \u00e8 che siamo di fronte ad una destra allo sbando, quella che sta gestendo l\u2019isola, e, al di l\u00e0 di piccinerie insignificanti, si conferma priva di orizzonte strategico e di peso presso il Governo, smentita dalla realt\u00e0 in ogni iniziativa intrapresa\u201d. Red<\/p>\n","protected":false},"excerpt":{"rendered":"<p>Roma, 5 Lug 2023 \u2013 In una nota, Silvio Lai, deputato Pd della Commissione Bilancio, afferma che: \u201cOggi \u00e8 sufficiente leggere i quotidiani regionali per&#8230;<\/p>\n","protected":false},"author":2,"featured_media":236888,"comment_status":"closed","ping_status":"open","sticky":false,"template":"","format":"standard","meta":[],"categories":[49,52],"tags":[],"_links":{"self":[{"href":"https:\/\/www.cronacaonline.it\/index.php\/wp-json\/wp\/v2\/posts\/237964"}],"collection":[{"href":"https:\/\/www.cronacaonline.it\/index.php\/wp-json\/wp\/v2\/posts"}],"about":[{"href":"https:\/\/www.cronacaonline.it\/index.php\/wp-json\/wp\/v2\/types\/post"}],"author":[{"embeddable":true,"href":"https:\/\/www.cronacaonline.it\/index.php\/wp-json\/wp\/v2\/users\/2"}],"replies":[{"embeddable":true,"href":"https:\/\/www.cronacaonline.it\/index.php\/wp-json\/wp\/v2\/comments?post=237964"}],"version-history":[{"count":1,"href":"https:\/\/www.cronacaonline.it\/index.php\/wp-json\/wp\/v2\/posts\/237964\/revisions"}],"predecessor-version":[{"id":237965,"href":"https:\/\/www.cronacaonline.it\/index.php\/wp-json\/wp\/v2\/posts\/237964\/revisions\/237965"}],"wp:featuredmedia":[{"embeddable":true,"href":"https:\/\/www.cronacaonline.it\/index.php\/wp-json\/wp\/v2\/media\/236888"}],"wp:attachment":[{"href":"https:\/\/www.cronacaonline.it\/index.php\/wp-json\/wp\/v2\/media?parent=237964"}],"wp:term":[{"taxonomy":"category","embeddable":true,"href":"https:\/\/www.cronacaonline.it\/index.php\/wp-json\/wp\/v2\/categories?post=237964"},{"taxonomy":"post_tag","embeddable":true,"href":"https:\/\/www.cronacaonline.it\/index.php\/wp-json\/wp\/v2\/tags?post=237964"}],"curies":[{"name":"wp","href":"https:\/\/api.w.org\/{rel}","templated":true}]}}