{"id":237950,"date":"2023-07-05T12:45:18","date_gmt":"2023-07-05T10:45:18","guid":{"rendered":"https:\/\/www.cronacaonline.it\/?p=237950"},"modified":"2023-07-05T12:45:21","modified_gmt":"2023-07-05T10:45:21","slug":"aerei-aggiudicate-ad-aeroitalia-le-rotte-alghero-roma-e-alghero-milano-lassessore-moro-concluse-le-gare-per-tutti-gli-scali-sardi-ora-acceleriamo-per-la-nuova-continuita","status":"publish","type":"post","link":"https:\/\/www.cronacaonline.it\/index.php\/2023\/07\/05\/aerei-aggiudicate-ad-aeroitalia-le-rotte-alghero-roma-e-alghero-milano-lassessore-moro-concluse-le-gare-per-tutti-gli-scali-sardi-ora-acceleriamo-per-la-nuova-continuita\/","title":{"rendered":"Aerei, aggiudicate ad Aeroitalia le rotte Alghero-Roma e Alghero Milano. L\u2019assessore Moro: concluse le gare per tutti gli scali sardi, ora acceleriamo per la nuova continuit\u00e0."},"content":{"rendered":"\n<p>Cagliari, 5 Lug 2023 \u2013\u00a0Sono state aggiudicate ad Aeroitalia le rotte in continuit\u00e0 territoriale da e per Alghero con Roma Fiumicino e Milano Linate. Aeroitalia ha offerto un ribasso del 5% su Roma (contro il 2,7% di Ita, l\u2019altra compagnia che ha partecipato alla gara) e un ribasso dell\u20191% su Milano (Ita lo 0,3%). Le buste con le offerte economiche per l\u2019assegnazione dei voli agevolati su Alghero per il periodo dal 29 ottobre 2023 al 26 ottobre 2024 sono state aperte oggi negli uffici dell\u2019assessorato regionale dei Trasporti a Cagliari.<\/p>\n\n\n\n<p>Nel dettaglio, per la Alghero-Roma Fiumicino (la base d\u2019asta era stata fissata in&nbsp;5.236.440,33&nbsp;euro netti,&nbsp;5.760.084,36&nbsp;euro lordi), Aeroitalia ha offerto 4.974.618,31 euro netti, Ita 5.095.056,44 euro netti. Per la Alghero-Milano Linate (base d\u2019asta&nbsp;2.997.955,57&nbsp;euro netti, 3.297.751,13&nbsp;euro lordi) Aeroitalia&nbsp;ha offerto 2.967.976,01 euro netti, Ita 2.988.961,7 euro netti.<\/p>\n\n\n\n<p>La Commissione proceder\u00e0 ora all\u2019aggiudicazione provvisoria delle rotte. Resta infatti possibile, fino al&nbsp;27 settembre 2023, che un vettore comunitario accetti di effettuare le rotte senza esclusiva e senza compensazione.<\/p>\n\n\n\n<p>\u201cL\u2019aggiudicazione delle rotte agevolate da e per Alghero \u2013 commenta l\u2019assessore regionale dei Trasporti, Antonio Moro \u2013 \u00e8 un segnale importante per l\u2019intero sistema aereo della Sardegna e conclude le gare della continuit\u00e0 territoriale allineando i tre scali sardi alla scadenza del 26 ottobre 2024. Aeroitalia si conferma la compagnia di riferimento degli aeroporti del Nord Sardegna e getta cos\u00ec le basi per un sempre pi\u00f9 importante radicamento ad Alghero e Olbia\u201d.<\/p>\n\n\n\n<p>\u201cDomani a Roma \u2013 anticipa l\u2019assessore Moro \u2013 si terr\u00e0 un incontro al Ministero dei Trasporti per disegnare il futuro della continuit\u00e0 territoriale dell\u2019Isola. La Regione Sardegna porter\u00e0 i dati che dimostrano quelle che sono le criticit\u00e0 pi\u00f9 volte denunciate, a cominciare da un numero di voli insufficiente a soddisfare il traffico dei residenti in Sardegna e soprattutto dalla necessit\u00e0 di porre un tetto alla tariffa non residenti. Sono le criticit\u00e0 che abbiamo pi\u00f9 volte evidenziato e che porteremo al Ministero perch\u00e9 insieme con il governo e con l'Enac si possa riaprire il confronto con la Commissione europea per ridefinire i termini dei bandi per l'assegnazione delle rotte in continuit\u00e0 territoriale tra la Sardegna e il Continente\u201d.&nbsp;Com<\/p>\n","protected":false},"excerpt":{"rendered":"<p>Cagliari, 5 Lug 2023 \u2013\u00a0Sono state aggiudicate ad Aeroitalia le rotte in continuit\u00e0 territoriale da e per Alghero con Roma Fiumicino e Milano Linate. Aeroitalia&#8230;<\/p>\n","protected":false},"author":2,"featured_media":237951,"comment_status":"closed","ping_status":"open","sticky":false,"template":"","format":"standard","meta":[],"categories":[49,52],"tags":[],"_links":{"self":[{"href":"https:\/\/www.cronacaonline.it\/index.php\/wp-json\/wp\/v2\/posts\/237950"}],"collection":[{"href":"https:\/\/www.cronacaonline.it\/index.php\/wp-json\/wp\/v2\/posts"}],"about":[{"href":"https:\/\/www.cronacaonline.it\/index.php\/wp-json\/wp\/v2\/types\/post"}],"author":[{"embeddable":true,"href":"https:\/\/www.cronacaonline.it\/index.php\/wp-json\/wp\/v2\/users\/2"}],"replies":[{"embeddable":true,"href":"https:\/\/www.cronacaonline.it\/index.php\/wp-json\/wp\/v2\/comments?post=237950"}],"version-history":[{"count":1,"href":"https:\/\/www.cronacaonline.it\/index.php\/wp-json\/wp\/v2\/posts\/237950\/revisions"}],"predecessor-version":[{"id":237952,"href":"https:\/\/www.cronacaonline.it\/index.php\/wp-json\/wp\/v2\/posts\/237950\/revisions\/237952"}],"wp:featuredmedia":[{"embeddable":true,"href":"https:\/\/www.cronacaonline.it\/index.php\/wp-json\/wp\/v2\/media\/237951"}],"wp:attachment":[{"href":"https:\/\/www.cronacaonline.it\/index.php\/wp-json\/wp\/v2\/media?parent=237950"}],"wp:term":[{"taxonomy":"category","embeddable":true,"href":"https:\/\/www.cronacaonline.it\/index.php\/wp-json\/wp\/v2\/categories?post=237950"},{"taxonomy":"post_tag","embeddable":true,"href":"https:\/\/www.cronacaonline.it\/index.php\/wp-json\/wp\/v2\/tags?post=237950"}],"curies":[{"name":"wp","href":"https:\/\/api.w.org\/{rel}","templated":true}]}}