{"id":237933,"date":"2023-07-04T19:44:15","date_gmt":"2023-07-04T17:44:15","guid":{"rendered":"https:\/\/www.cronacaonline.it\/?p=237933"},"modified":"2023-07-04T19:44:17","modified_gmt":"2023-07-04T17:44:17","slug":"consiglio-sardegna-sanita-e-collegato-alla-manovra-finanziaria-il-consiglio-regionale-si-riunira-martedi-11-luglio-alle-10","status":"publish","type":"post","link":"https:\/\/www.cronacaonline.it\/index.php\/2023\/07\/04\/consiglio-sardegna-sanita-e-collegato-alla-manovra-finanziaria-il-consiglio-regionale-si-riunira-martedi-11-luglio-alle-10\/","title":{"rendered":"Consiglio Sardegna &#8211; Sanit\u00e0 e Collegato alla Manovra finanziaria: il Consiglio regionale si riunir\u00e0 marted\u00ec 11 luglio alle 10."},"content":{"rendered":"\n<p>Cagliari, 4 Lug 2023 \u2013 Il Consiglio regionale si riunir\u00e0 marted\u00ec 11 luglio alle ore 10. Lo ha deciso la Conferenza dei capigruppo riunitasi in serata. Primo punto all\u2019ordine del giorno la discussione delle mozioni n. 652 (Moriconi e pi\u00f9) \u201cSui nuovi presidi ospedalieri, revoca deliberazione n. 19\/82 del 1 giugno 2023\u201d e la mozione 653 (Agus e pi\u00f9) \u201cSulla programmazione in materia di edilizia sanitaria stabilita dalla Giunta regionale con la delibera 19\/82 del\u00a01 giugno 2023 e sullo stato di attuazione dell\u2019accordo di programma di cui all\u2019articolo 11 della legge regionale\u00a0n. 1 del 2023\u201d. Seguir\u00e0 l\u2019esame del Collegato alla Manovra finanziaria 2023-2025. Su quest\u2019ultimo provvedimento, la Conferenza dei Capigruppo ha fissato il termine della presentazione degli emendamenti al termine della discussione generale.<\/p>\n","protected":false},"excerpt":{"rendered":"<p>Cagliari, 4 Lug 2023 \u2013 Il Consiglio regionale si riunir\u00e0 marted\u00ec 11 luglio alle ore 10. Lo ha deciso la Conferenza dei capigruppo riunitasi in&#8230;<\/p>\n","protected":false},"author":2,"featured_media":192512,"comment_status":"closed","ping_status":"open","sticky":false,"template":"","format":"standard","meta":[],"categories":[49,52],"tags":[],"_links":{"self":[{"href":"https:\/\/www.cronacaonline.it\/index.php\/wp-json\/wp\/v2\/posts\/237933"}],"collection":[{"href":"https:\/\/www.cronacaonline.it\/index.php\/wp-json\/wp\/v2\/posts"}],"about":[{"href":"https:\/\/www.cronacaonline.it\/index.php\/wp-json\/wp\/v2\/types\/post"}],"author":[{"embeddable":true,"href":"https:\/\/www.cronacaonline.it\/index.php\/wp-json\/wp\/v2\/users\/2"}],"replies":[{"embeddable":true,"href":"https:\/\/www.cronacaonline.it\/index.php\/wp-json\/wp\/v2\/comments?post=237933"}],"version-history":[{"count":1,"href":"https:\/\/www.cronacaonline.it\/index.php\/wp-json\/wp\/v2\/posts\/237933\/revisions"}],"predecessor-version":[{"id":237934,"href":"https:\/\/www.cronacaonline.it\/index.php\/wp-json\/wp\/v2\/posts\/237933\/revisions\/237934"}],"wp:featuredmedia":[{"embeddable":true,"href":"https:\/\/www.cronacaonline.it\/index.php\/wp-json\/wp\/v2\/media\/192512"}],"wp:attachment":[{"href":"https:\/\/www.cronacaonline.it\/index.php\/wp-json\/wp\/v2\/media?parent=237933"}],"wp:term":[{"taxonomy":"category","embeddable":true,"href":"https:\/\/www.cronacaonline.it\/index.php\/wp-json\/wp\/v2\/categories?post=237933"},{"taxonomy":"post_tag","embeddable":true,"href":"https:\/\/www.cronacaonline.it\/index.php\/wp-json\/wp\/v2\/tags?post=237933"}],"curies":[{"name":"wp","href":"https:\/\/api.w.org\/{rel}","templated":true}]}}