{"id":237920,"date":"2023-07-04T18:09:11","date_gmt":"2023-07-04T16:09:11","guid":{"rendered":"https:\/\/www.cronacaonline.it\/?p=237920"},"modified":"2023-07-04T18:09:14","modified_gmt":"2023-07-04T16:09:14","slug":"dichiarazione-del-segretario-regionale-del-pd-della-sardegna-solidarieta-alle-comunita-terapeutiche-sarde","status":"publish","type":"post","link":"https:\/\/www.cronacaonline.it\/index.php\/2023\/07\/04\/dichiarazione-del-segretario-regionale-del-pd-della-sardegna-solidarieta-alle-comunita-terapeutiche-sarde\/","title":{"rendered":"Dichiarazione del segretario regionale del Pd della Sardegna: Solidariet\u00e0 alle comunit\u00e0 terapeutiche sarde."},"content":{"rendered":"\n<p>Cagliari, 4 Lug 2023 - In una dichiarazione, il segretario regionale del Pd, Piero Comandini, afferma: \u201cEsprimiamo solidariet\u00e0 e sostegno alle comunit\u00e0 terapeutiche della Sardegna che rischiano la chiusura per il mancato rinnovo delle tariffe e i ritardi nella loro erogazione. Le tariffe sono ferme da ben 11 anni, sono infatti ancora quelle del 2012 e malgrado le richieste di adeguamento che le comunit\u00e0 reiterano ad ogni finanziaria, nulla \u00e8 ad oggi cambiato, nessuno ha ascoltato.<\/p>\n\n\n\n<p>Cosa si deve fare \u2013 prosegue la nota del Pd - perch\u00e9 chi si prende carico della salute delle persone con dipendenza lo possa fare senza attendere mesi il pagamento delle rette e senza dover elemosinare quanto indispensabile a dare l\u2019assistenza e i servizi necessari per riportare ad una vita normale queste persone e le loro famiglie, per pagare i propri dipendenti? Nell\u2019essere al fianco delle comunit\u00e0 del Ceas, non possiamo non chiederci la ragione per cui, negli anni, non si sia provveduto n\u00e9 ad ascoltare le richieste nel tavolo tecnico istituito dal 2021 n\u00e9 a dare continuit\u00e0 al loro lavoro assicurando la garanzia di adeguato e aggiornato finanziamento.<\/p>\n\n\n\n<p>La Regione \u2013 conclude Comandini - non sia avara e svolga con puntualit\u00e0 il suo ruolo. Il problema \u00e8 dare il sostegno dovuto a chi si fa carico di dare risposta ai bisogni di accoglienza e cura. Non lasciare da soli sia le persone affette da dipendenza, sia le famiglie e le comunit\u00e0, vero presidio di cura e recupero ad una vita nuova e libera\u201d. Com<\/p>\n","protected":false},"excerpt":{"rendered":"<p>Cagliari, 4 Lug 2023 &#8211; In una dichiarazione, il segretario regionale del Pd, Piero Comandini, afferma: \u201cEsprimiamo solidariet\u00e0 e sostegno alle comunit\u00e0 terapeutiche della Sardegna&#8230;<\/p>\n","protected":false},"author":2,"featured_media":7831,"comment_status":"closed","ping_status":"open","sticky":false,"template":"","format":"standard","meta":[],"categories":[49,52],"tags":[],"_links":{"self":[{"href":"https:\/\/www.cronacaonline.it\/index.php\/wp-json\/wp\/v2\/posts\/237920"}],"collection":[{"href":"https:\/\/www.cronacaonline.it\/index.php\/wp-json\/wp\/v2\/posts"}],"about":[{"href":"https:\/\/www.cronacaonline.it\/index.php\/wp-json\/wp\/v2\/types\/post"}],"author":[{"embeddable":true,"href":"https:\/\/www.cronacaonline.it\/index.php\/wp-json\/wp\/v2\/users\/2"}],"replies":[{"embeddable":true,"href":"https:\/\/www.cronacaonline.it\/index.php\/wp-json\/wp\/v2\/comments?post=237920"}],"version-history":[{"count":1,"href":"https:\/\/www.cronacaonline.it\/index.php\/wp-json\/wp\/v2\/posts\/237920\/revisions"}],"predecessor-version":[{"id":237921,"href":"https:\/\/www.cronacaonline.it\/index.php\/wp-json\/wp\/v2\/posts\/237920\/revisions\/237921"}],"wp:featuredmedia":[{"embeddable":true,"href":"https:\/\/www.cronacaonline.it\/index.php\/wp-json\/wp\/v2\/media\/7831"}],"wp:attachment":[{"href":"https:\/\/www.cronacaonline.it\/index.php\/wp-json\/wp\/v2\/media?parent=237920"}],"wp:term":[{"taxonomy":"category","embeddable":true,"href":"https:\/\/www.cronacaonline.it\/index.php\/wp-json\/wp\/v2\/categories?post=237920"},{"taxonomy":"post_tag","embeddable":true,"href":"https:\/\/www.cronacaonline.it\/index.php\/wp-json\/wp\/v2\/tags?post=237920"}],"curies":[{"name":"wp","href":"https:\/\/api.w.org\/{rel}","templated":true}]}}