{"id":237892,"date":"2023-07-04T10:44:03","date_gmt":"2023-07-04T08:44:03","guid":{"rendered":"https:\/\/www.cronacaonline.it\/?p=237892"},"modified":"2023-07-04T10:44:06","modified_gmt":"2023-07-04T08:44:06","slug":"click-day-interrogazione-consiglieri-regionali-gruppo-pd","status":"publish","type":"post","link":"https:\/\/www.cronacaonline.it\/index.php\/2023\/07\/04\/click-day-interrogazione-consiglieri-regionali-gruppo-pd\/","title":{"rendered":"Click Day: interrogazione Consiglieri regionali gruppo Pd."},"content":{"rendered":"\n<p>Cagliari, 4 Lug 2023 - I Consiglieri regionali del gruppo PD, primo firmatario Giuseppe Meloni, hanno presentato una interrogazione al Presidente della Regione e all'Assessore del Lavoro, Formazione Professionale, Cooperazione e Sicurezza sociale sulle reiterate criticit\u00e0 riscontrate dagli operatori nella presentazione delle Domande di Aiuto Telematica (Dat) relative all'Avviso Destinazione Sardegna Lavoro 2022 e sulla tempistica dell'erogazione delle somme dovute per l'annualit\u00e0 2021. E, infatti, nonostante i reiterati rinvii del c.d. click day, e l'annullamento della procedura del 26 giugno scorso per il malfunzionamento della piattaforma, oggi si sono ripetute le criticit\u00e0 e numerosi operatori non hanno potuto accedere alla piattaforma e inserire i propri dati e le proprie istanze.<\/p>\n\n\n\n<p>Come noto, riferiscono i Consiglieri, la modalit\u00e0 di selezione affidata al c.d. click day, ha mostrato pi\u00f9 volte la sua inadeguatezza, nel caso specifico, l'unico obbiettivo raggiunto \u00e8 stato quello di tenere bloccati per intere mattinate in piena stagione estiva, imprenditori turistici, che altro avrebbero avuto da fare, interi studi di consulenza, organizzazioni di categoria e aziende; pare tra l'altro inutile, continuano i Consiglieri, concentrare in poche ore (talvolta pochi minuti) una selezione, che altro non \u00e8 se non una lotteria, per assegnare sostegni alle imprese che anche in momenti difficili hanno garantito i livelli occupativi, posto che, a valle del click day, non risultano ancora erogate le risorse dovute per l'annualit\u00e0 2021.<\/p>\n\n\n\n<p>Quindi gli esponenti politici del Pd chiedono di conoscere quali azioni intendano intraprendere per garantire il corretto svolgimento delle operazioni di inoltro delle istanze e della documentazione al fine della partecipazione alla misura e quali siano le reali tempistiche per giungere all'erogazione delle risorse dovute una volta superate le selezioni e quando potranno essere soddisfatte le richieste per l'annualit\u00e0 2021, la cui documentazione giustificativa \u00e8 stata inoltrata da tempo ai competenti uffici. Com<\/p>\n","protected":false},"excerpt":{"rendered":"<p>Cagliari, 4 Lug 2023 &#8211; I Consiglieri regionali del gruppo PD, primo firmatario Giuseppe Meloni, hanno presentato una interrogazione al Presidente della Regione e all&#8217;Assessore&#8230;<\/p>\n","protected":false},"author":2,"featured_media":7831,"comment_status":"closed","ping_status":"open","sticky":false,"template":"","format":"standard","meta":[],"categories":[49,52],"tags":[],"_links":{"self":[{"href":"https:\/\/www.cronacaonline.it\/index.php\/wp-json\/wp\/v2\/posts\/237892"}],"collection":[{"href":"https:\/\/www.cronacaonline.it\/index.php\/wp-json\/wp\/v2\/posts"}],"about":[{"href":"https:\/\/www.cronacaonline.it\/index.php\/wp-json\/wp\/v2\/types\/post"}],"author":[{"embeddable":true,"href":"https:\/\/www.cronacaonline.it\/index.php\/wp-json\/wp\/v2\/users\/2"}],"replies":[{"embeddable":true,"href":"https:\/\/www.cronacaonline.it\/index.php\/wp-json\/wp\/v2\/comments?post=237892"}],"version-history":[{"count":1,"href":"https:\/\/www.cronacaonline.it\/index.php\/wp-json\/wp\/v2\/posts\/237892\/revisions"}],"predecessor-version":[{"id":237893,"href":"https:\/\/www.cronacaonline.it\/index.php\/wp-json\/wp\/v2\/posts\/237892\/revisions\/237893"}],"wp:featuredmedia":[{"embeddable":true,"href":"https:\/\/www.cronacaonline.it\/index.php\/wp-json\/wp\/v2\/media\/7831"}],"wp:attachment":[{"href":"https:\/\/www.cronacaonline.it\/index.php\/wp-json\/wp\/v2\/media?parent=237892"}],"wp:term":[{"taxonomy":"category","embeddable":true,"href":"https:\/\/www.cronacaonline.it\/index.php\/wp-json\/wp\/v2\/categories?post=237892"},{"taxonomy":"post_tag","embeddable":true,"href":"https:\/\/www.cronacaonline.it\/index.php\/wp-json\/wp\/v2\/tags?post=237892"}],"curies":[{"name":"wp","href":"https:\/\/api.w.org\/{rel}","templated":true}]}}