{"id":237879,"date":"2023-07-03T19:51:58","date_gmt":"2023-07-03T17:51:58","guid":{"rendered":"https:\/\/www.cronacaonline.it\/?p=237879"},"modified":"2023-07-03T19:52:01","modified_gmt":"2023-07-03T17:52:01","slug":"la-maddalena-trasferita-dalla-regione-al-comune-la-struttura-della-ex-cooperativa-moneta-lassessore-salaris-diventera-la-nuova-casa-di-tanti-ragazzi-diversamente-abili","status":"publish","type":"post","link":"https:\/\/www.cronacaonline.it\/index.php\/2023\/07\/03\/la-maddalena-trasferita-dalla-regione-al-comune-la-struttura-della-ex-cooperativa-moneta-lassessore-salaris-diventera-la-nuova-casa-di-tanti-ragazzi-diversamente-abili\/","title":{"rendered":"La maddalena, trasferita dalla regione al comune la struttura della ex cooperativa moneta. L\u2019assessore Salaris: \u201cdiventer\u00e0 la nuova casa di tanti ragazzi diversamente abili\u201d."},"content":{"rendered":"\n<p>Cagliari, 3 Lug 2023 \u2013\u00a0\u00c8 stato sottoscritto questo pomeriggio nella sede del Comune de La Maddalena, alla presenza dell\u2019Assessore degli Enti locali, Ado Salaris, il passaggio in comodato d\u2019uso gratuito di un importante bene regionale, la ex cooperativa Moneta, a favore del dell\u2019Amministrazione comunale. Le strutture, una volta ristrutturate, saranno destinate al progetto di interesse sociale \u201cDopo di noi\u201d (cooperativa Caprera) e diventeranno la \u201ccasa\u201d dove andranno a vivere i ragazzi diversamente abili dopo che i genitori non ci saranno pi\u00f9.<\/p>\n\n\n\n<p>\u00c8 una iniziativa che la citt\u00e0, su proposta delle famiglie, attende da 18 anni ed \u00e8 per questo che quella di questo pomeriggio \u00e8 una firma storica. \u201cI protagonisti di questa importante storia devono essere oltre che i genitori i ragazzi stessi\u201d, ha detto l\u2019Assessore degli Enti locali, Aldo Salaris, che ha esortato il sindaco a far s\u00ec che \u201cquesto luogo divenga un faro della loro vita quotidiana\".&nbsp;&nbsp;L\u2019esponente della Giunta Solinas si \u00e8 a lungo soffermato, nel corso del suo intervento, sulla valenza di carattere sociale che l\u2019iniziativa riveste e sulla forte volont\u00e0 che ha spinto la Regione, e l\u2019Assessorato degli Enti locali in particolare, ad andare verso quella direzione. \u201cLa Regione oggi ha piantato un seme per agevolare l\u2019autonomia di questi ragazzi e garantire loro un futuro sereno. Abbiamo messo al centro il valore della persona e partendo da questo ci siamo adoperati per arrivare alla firma odierna, nella certezza che quanto avvenuto a La Maddalena possa essere una best practice da replicare in altri contesti e in altri luoghi\u201d.<\/p>\n\n\n\n<p>I ragazzi inizieranno da subito un percorso dove impareranno ad autogestirsi&nbsp;(laddove possibile in base alla disabilit\u00e0) cos\u00ec da arrivare pronti per il futuro. Il contratto ha una durata di 6 anni prorogabili di altri 6. Com<\/p>\n","protected":false},"excerpt":{"rendered":"<p>Cagliari, 3 Lug 2023 \u2013\u00a0\u00c8 stato sottoscritto questo pomeriggio nella sede del Comune de La Maddalena, alla presenza dell\u2019Assessore degli Enti locali, Ado Salaris, il&#8230;<\/p>\n","protected":false},"author":2,"featured_media":237880,"comment_status":"closed","ping_status":"open","sticky":false,"template":"","format":"standard","meta":[],"categories":[49,52],"tags":[],"_links":{"self":[{"href":"https:\/\/www.cronacaonline.it\/index.php\/wp-json\/wp\/v2\/posts\/237879"}],"collection":[{"href":"https:\/\/www.cronacaonline.it\/index.php\/wp-json\/wp\/v2\/posts"}],"about":[{"href":"https:\/\/www.cronacaonline.it\/index.php\/wp-json\/wp\/v2\/types\/post"}],"author":[{"embeddable":true,"href":"https:\/\/www.cronacaonline.it\/index.php\/wp-json\/wp\/v2\/users\/2"}],"replies":[{"embeddable":true,"href":"https:\/\/www.cronacaonline.it\/index.php\/wp-json\/wp\/v2\/comments?post=237879"}],"version-history":[{"count":1,"href":"https:\/\/www.cronacaonline.it\/index.php\/wp-json\/wp\/v2\/posts\/237879\/revisions"}],"predecessor-version":[{"id":237881,"href":"https:\/\/www.cronacaonline.it\/index.php\/wp-json\/wp\/v2\/posts\/237879\/revisions\/237881"}],"wp:featuredmedia":[{"embeddable":true,"href":"https:\/\/www.cronacaonline.it\/index.php\/wp-json\/wp\/v2\/media\/237880"}],"wp:attachment":[{"href":"https:\/\/www.cronacaonline.it\/index.php\/wp-json\/wp\/v2\/media?parent=237879"}],"wp:term":[{"taxonomy":"category","embeddable":true,"href":"https:\/\/www.cronacaonline.it\/index.php\/wp-json\/wp\/v2\/categories?post=237879"},{"taxonomy":"post_tag","embeddable":true,"href":"https:\/\/www.cronacaonline.it\/index.php\/wp-json\/wp\/v2\/tags?post=237879"}],"curies":[{"name":"wp","href":"https:\/\/api.w.org\/{rel}","templated":true}]}}