{"id":237866,"date":"2023-07-03T14:33:14","date_gmt":"2023-07-03T12:33:14","guid":{"rendered":"https:\/\/www.cronacaonline.it\/?p=237866"},"modified":"2023-07-03T14:33:17","modified_gmt":"2023-07-03T12:33:17","slug":"emergenza-idrica-nella-piana-di-chilivani-assessori-satta-saiu-e-porcu-la-regione-sardegna-e-vicina-al-territorio-ai-sindaci-allevatori-e-agricoltori","status":"publish","type":"post","link":"https:\/\/www.cronacaonline.it\/index.php\/2023\/07\/03\/emergenza-idrica-nella-piana-di-chilivani-assessori-satta-saiu-e-porcu-la-regione-sardegna-e-vicina-al-territorio-ai-sindaci-allevatori-e-agricoltori\/","title":{"rendered":"Emergenza idrica nella piana di Chilivani: Assessori Satta, Saiu e Porcu: la Regione Sardegna \u00e8 vicina al territorio, ai sindaci, allevatori e agricoltori."},"content":{"rendered":"\n<p>Ozieri (SS), 3 Lug 2023 -\u00a0La Regione \u00e8 vicina ai territori e lo dimostra con la presenza di tre Assessori regionali, Valeria Satta, dell\u2019Agricoltura, Pierluigi Saiu, dei Lavori Pubblici e Marco Porcu della Difesa dell\u2019Ambiente. Gli esponenti della Giunta sarda hanno partecipato all\u2019incontro organizzato dal Consorzio di Bonifica del Nord Sardegna per discutere dell\u2019emergenza idrica nella Piana di Chilivani. Emergenza idrica che, come \u00e8 stato pi\u00f9 volte detto, non colpisce tutta l\u2019Isola ma solo alcune zone. Dunque massima attenzione alla gestione della risorsa acqua. L\u2019emergenza idrica nella Piana di Chilivani riguarda la diga del Monte Lerno. Bacino dove sono attualmente invasati 8 milioni di metri cubi d\u2019acqua disponibili per uso irriguo. Cifra che non riesce a soddisfare i bisogni di un territorio ad altissima vocazione agricola. Il bacino pu\u00f2 contenerne circa 70 milioni che scendono a 39 milioni per motivi di sicurezza. Oltre il 40 per cento viene per\u00f2 perso a causa delle perdite nelle condotte. Ha piovuto tanto \u00e8 stato detto pi\u00f9 volte ma devono necessariamente essere fatti degli interventi strutturali.<\/p>\n\n\n\n<p>\u201cSiamo qui per evidenziare un momento difficile per la zona. Sottolineo che fortunatamente non esiste, rispetto al resto d\u2019Italia, un problema di siccit\u00e0 in&nbsp;Sardegna. Per questo stiamo cercando di capire come mai ci siano dighe che non riescono a raccogliere acqua sufficiente. Parliamo del fatto che arrivi acqua sufficiente in queste dighe e questo \u00e8 senza dubbio un problema grave riscontrato da molte aziende agricole. Quindi siamo qui per capire cosa chiedono i Consorziati. Noi come Assessorato faremo come sempre la nostra parte. Previsti i ristori per allevatori e agricoltori. Ma dobbiamo anche considerare il fatto che ci sono anche dei problemi per le alluvioni che sono avvenute in questo periodo. Quindi noi stiamo gi\u00e0 ricevendo, tramite Laore, tutte le denunce arrivate dagli agricoltori per poter procedere all\u2019erogazione dei ristori. La volont\u00e0 politica c\u2019\u00e8 tutta. Solleciter\u00f2 gli uffici. Cercher\u00f2 di trovare i fondi recuperati in altre poste di bilancio per accelerare i tempi. Siamo vicini ai Sindaci, agricoltori e allevatori. Quindi diamo delle priorit\u00e0 alle richieste dei nostri agricoltori.\u201d<\/p>\n\n\n\n<p>\u201cL'intervento infrastrutturale sull\u2019invaso \u2013 ha invece puntualizzato l\u2019assessore dei Lavori Pubblici, Pierluigi Saiu - consentir\u00e0, entro la fine dell'anno venturo di riportare la capacit\u00e0 complessiva ai livelli massimi consentiti. La risposta pi\u00f9 importante per il territorio \u00e8 per le aziende che insistono nella zona. Ovviamente ci rendiamo conto che in questo momento si va incontro a una situazione di difficolt\u00e0. Sulla base di un accordo con il Consorzio di Bonifica si \u00e8 ritenuto di dover confermare l'assegnazione dei volumi sia per quest'anno che per l'anno venturo. Riteniamo in ogni caso che lavorando insieme si potr\u00e0 superare questo periodo e poi poter consegnare finalmente a questo territorio l'acqua che serve attraverso, ripeto, la capacit\u00e0 di basamento originaria, cos\u00ec come prevista di 70 milioni di metri cubi d'acqua, la capacit\u00e0 massima dell'invaso, e sulla quale, grazie all'intervento di Enas, si sta lavorando per ripristinarla completamente. Occorre per\u00f2 programmare per il futuro, riducendo la percentuale di perdite. Massima disponibilit\u00e0 ma serve una gestione di invasamento per la distribuzione dell\u2019acqua.\u201d<\/p>\n\n\n\n<p>I volumi presenti attualmente nella Diga&nbsp;sono inferiori alle assegnazioni annuali che per il 2023 sono state di 12 milioni di metri cubi. Inizialmente erano previsti 10 milioni ma poi, con le precipitazioni delle scorse settimane, sono stati incrementati. Anche l\u2019assessore della Difesa dell\u2019Ambiente, Marco Porcu si \u00e8 soffermato sulla gestione del bene acqua in certe zone. \u201cOggi -ha detto Porcu - la Regione Sardegna non ha un problema di siccit\u00e0 in termini complessivi, ma alcune zone, come quella dove oggi ci troviamo, gli agricoltori non riescono ad avere le risorse idriche a sufficienza per poter portare avanti le proprie aziende. Questo \u00e8 dato da due problemi fondamentali uno da un lato \u00e8 l'implementazione della dell'infrastruttura che determina il mantenimento e il contenimento della risorsa idrica e dall'altro, come \u00e8 gi\u00e0 stato denunciato, dobbiamo tutti guardare verso un'agricoltura che migliora i propri sistemi, anche attraverso la ricerca scientifica. E in particolare che ci permetta di poter raggiungere gli obiettivi dell'agenda programmatica in tema&nbsp;di agricoltura sostenibile. Inoltre \u2013 concluso l\u2019assessore Marco Porcu \u2013 bisogna trovare soluzioni per la gestione dei reflui, con la raccolta e l\u2019utilizzo. Siamo disponibili a trovare soluzioni anche come Arpas per la verifica della qualit\u00e0. L\u2019Acqua \u00e8 una risorsa fondamentale e non va sprecata\u201d.<\/p>\n","protected":false},"excerpt":{"rendered":"<p>Ozieri (SS), 3 Lug 2023 &#8211;\u00a0La Regione \u00e8 vicina ai territori e lo dimostra con la presenza di tre Assessori regionali, Valeria Satta, dell\u2019Agricoltura, Pierluigi&#8230;<\/p>\n","protected":false},"author":2,"featured_media":233188,"comment_status":"closed","ping_status":"open","sticky":false,"template":"","format":"standard","meta":[],"categories":[49,52],"tags":[],"_links":{"self":[{"href":"https:\/\/www.cronacaonline.it\/index.php\/wp-json\/wp\/v2\/posts\/237866"}],"collection":[{"href":"https:\/\/www.cronacaonline.it\/index.php\/wp-json\/wp\/v2\/posts"}],"about":[{"href":"https:\/\/www.cronacaonline.it\/index.php\/wp-json\/wp\/v2\/types\/post"}],"author":[{"embeddable":true,"href":"https:\/\/www.cronacaonline.it\/index.php\/wp-json\/wp\/v2\/users\/2"}],"replies":[{"embeddable":true,"href":"https:\/\/www.cronacaonline.it\/index.php\/wp-json\/wp\/v2\/comments?post=237866"}],"version-history":[{"count":1,"href":"https:\/\/www.cronacaonline.it\/index.php\/wp-json\/wp\/v2\/posts\/237866\/revisions"}],"predecessor-version":[{"id":237867,"href":"https:\/\/www.cronacaonline.it\/index.php\/wp-json\/wp\/v2\/posts\/237866\/revisions\/237867"}],"wp:featuredmedia":[{"embeddable":true,"href":"https:\/\/www.cronacaonline.it\/index.php\/wp-json\/wp\/v2\/media\/233188"}],"wp:attachment":[{"href":"https:\/\/www.cronacaonline.it\/index.php\/wp-json\/wp\/v2\/media?parent=237866"}],"wp:term":[{"taxonomy":"category","embeddable":true,"href":"https:\/\/www.cronacaonline.it\/index.php\/wp-json\/wp\/v2\/categories?post=237866"},{"taxonomy":"post_tag","embeddable":true,"href":"https:\/\/www.cronacaonline.it\/index.php\/wp-json\/wp\/v2\/tags?post=237866"}],"curies":[{"name":"wp","href":"https:\/\/api.w.org\/{rel}","templated":true}]}}