{"id":237827,"date":"2023-07-01T15:49:44","date_gmt":"2023-07-01T13:49:44","guid":{"rendered":"https:\/\/www.cronacaonline.it\/?p=237827"},"modified":"2023-07-01T15:49:45","modified_gmt":"2023-07-01T13:49:45","slug":"nuovo-ospedale-di-alghero-un-vertice-su-proposte-dellasl-lassessore-doria-incontro-positivo","status":"publish","type":"post","link":"https:\/\/www.cronacaonline.it\/index.php\/2023\/07\/01\/nuovo-ospedale-di-alghero-un-vertice-su-proposte-dellasl-lassessore-doria-incontro-positivo\/","title":{"rendered":"Nuovo ospedale di Alghero, un vertice su proposte dell&#8217;Asl. L&#8217;assessore Doria: &#8220;incontro positivo&#8221;"},"content":{"rendered":"\n<p>Cagliari, 1 Lug 2023 - S\u00ec \u00e8 tenuto questa mattina, a Sassari, l'incontro programmatico sulla realizzazione del nuovo ospedale di Alghero. Alla riunione, organizzata dalla Asl 1 per illustrare i contenuti dello studio di fattibilit\u00e0, uno dei quattro richiesti dalla Regione ad Asl 1, Aou Sassari e Ares per ciascuno dei nuovi ospedali previsti ad Alghero, Sassari, Cagliari e nel Sulcis-Iglesiente, erano presenti, tra gli altri, gli assessori regionali della Sanit\u00e0, Carlo Doria, e degli Enti Locali, Aldo Salaris, oltre al direttore della Asl 1, il Commissario straordinario della Provincia di Sassari e il presidente della Conferenza socio sanitaria.<\/p>\n\n\n\n<p>\"Un incontro tecnico - spiega l'assessore Doria - per esaminare le proposte dell'Asl 1 contenute nello studio che, come richiesto, ha recepito la rete ospedaliera con una struttura da 250 posti letto adatta a contenere i servizi che attualmente si trovano nei due vecchi ospedali, Civile e Marino, strutture che, una volta in funzione il nuovo ospedale, saranno riqualificate. Seguendo le indicazioni che abbiamo dato, la Asl, in accordo con il Comune di Alghero, ha individuato gli spazi a Mamuntanas, un'area gi\u00e0 nella disponibilit\u00e0 pubblica che presenta le caratteristiche viarie e tecniche adeguate anche per la possibilit\u00e0 di atterraggio dell'elisoccorso\".<\/p>\n\n\n\n<p>\"Un incontro indubbiamente positivo - sottolinea l'assessore Doria - anche perch\u00e9 in tempi rapidi, rispetto alla richiesta che avevamo fatto, abbiamo avuto la possibilit\u00e0 di esaminare la proposta. Siamo fermamente convinti della necessit\u00e0 di realizzare i nuovi ospedali e che Alghero meriti una nuova struttura moderna ed efficiente\". Com<\/p>\n","protected":false},"excerpt":{"rendered":"<p>Cagliari, 1 Lug 2023 &#8211; S\u00ec \u00e8 tenuto questa mattina, a Sassari, l&#8217;incontro programmatico sulla realizzazione del nuovo ospedale di Alghero. Alla riunione, organizzata dalla&#8230;<\/p>\n","protected":false},"author":2,"featured_media":226235,"comment_status":"closed","ping_status":"open","sticky":false,"template":"","format":"standard","meta":[],"categories":[49,52],"tags":[],"_links":{"self":[{"href":"https:\/\/www.cronacaonline.it\/index.php\/wp-json\/wp\/v2\/posts\/237827"}],"collection":[{"href":"https:\/\/www.cronacaonline.it\/index.php\/wp-json\/wp\/v2\/posts"}],"about":[{"href":"https:\/\/www.cronacaonline.it\/index.php\/wp-json\/wp\/v2\/types\/post"}],"author":[{"embeddable":true,"href":"https:\/\/www.cronacaonline.it\/index.php\/wp-json\/wp\/v2\/users\/2"}],"replies":[{"embeddable":true,"href":"https:\/\/www.cronacaonline.it\/index.php\/wp-json\/wp\/v2\/comments?post=237827"}],"version-history":[{"count":1,"href":"https:\/\/www.cronacaonline.it\/index.php\/wp-json\/wp\/v2\/posts\/237827\/revisions"}],"predecessor-version":[{"id":237828,"href":"https:\/\/www.cronacaonline.it\/index.php\/wp-json\/wp\/v2\/posts\/237827\/revisions\/237828"}],"wp:featuredmedia":[{"embeddable":true,"href":"https:\/\/www.cronacaonline.it\/index.php\/wp-json\/wp\/v2\/media\/226235"}],"wp:attachment":[{"href":"https:\/\/www.cronacaonline.it\/index.php\/wp-json\/wp\/v2\/media?parent=237827"}],"wp:term":[{"taxonomy":"category","embeddable":true,"href":"https:\/\/www.cronacaonline.it\/index.php\/wp-json\/wp\/v2\/categories?post=237827"},{"taxonomy":"post_tag","embeddable":true,"href":"https:\/\/www.cronacaonline.it\/index.php\/wp-json\/wp\/v2\/tags?post=237827"}],"curies":[{"name":"wp","href":"https:\/\/api.w.org\/{rel}","templated":true}]}}