{"id":237819,"date":"2023-07-01T09:58:39","date_gmt":"2023-07-01T07:58:39","guid":{"rendered":"https:\/\/www.cronacaonline.it\/?p=237819"},"modified":"2023-07-01T09:58:41","modified_gmt":"2023-07-01T07:58:41","slug":"ambiente-liberata-al-poetto-una-caretta-caretta-assessore-porcu-olivia-aveva-difficolta-di-immersione-a-causa-della-tanta-plastica-ingurgitata","status":"publish","type":"post","link":"https:\/\/www.cronacaonline.it\/index.php\/2023\/07\/01\/ambiente-liberata-al-poetto-una-caretta-caretta-assessore-porcu-olivia-aveva-difficolta-di-immersione-a-causa-della-tanta-plastica-ingurgitata\/","title":{"rendered":"Ambiente, liberata al Poetto una Caretta caretta. Assessore Porcu: \u2018Olivia aveva difficolt\u00e0 di immersione a causa della tanta plastica ingurgitata\u2019."},"content":{"rendered":"\n<p>Cagliari, 1 Lug 2023\u00a0\u2013 Lo scorso 6 maggio, nelle acque di Porto Ottiolu, i biologi dell'Area marina protetta di Tavolara avevano recuperato una tartaruga Caretta caretta con difficolt\u00e0 di immersione, senza apparenti traumi esterni. Una volta recuperata, la tartaruga \u00e8 stata curata nella Clinica veterinaria Duemari di Oristano, dove gli esami hanno riscontrato infezioni nel tratto intestinale, con conseguenti sacche d\u2019aria che ne impedivano il corretto assetto in immersione, dovute a notevoli quantitativi di plastica ingurgitati dall\u2019animale, e poi affidata al Centro di recupero della Laguna di Nora.<br>\u201cProsegue intensamente l\u2019attivit\u00e0 della Rete regionale per la conservazione della fauna marina, coordinata dall'Assessorato della Difesa dell'ambiente e con la collaborazione del Corpo forestale e delle Capitanerie di porto \u2013 ha sottolineato l\u2019assessore Marco Porcu, che ha partecipato alla liberazione della tartaruga Caretta caretta nella spiaggia dello stabilimento balneare dell'Esercito, insieme al sindaco di Cagliari, Paolo Truzzu, e al comandante del Comando militare di Sardegna, generale di brigata Stefano Scanu\u00a0 \u2013 L\u2019attivit\u00e0 di protezione e salvaguardia delle tartarughe Caretta caretta sta riscontrando un grande successo in tutta l\u2019Isola. Dopo aver restituito, nei giorni scorsi, alcuni esemplari nel loro habitat naturale all\u2019Asinara e a Pula, oggi \u00e8 stato il turno di Olivia liberata nel Poetto di Cagliari. L\u2019attivit\u00e0 di rilascio ha una duplice finalit\u00e0: oltre a quella di concludere il ciclo di tutela dell\u2019animale con il reinserimento nel suo habitat, anche quella di sensibilizzare sul tema dell\u2019inquinamento dei mari e delle microplastiche\u201d.<\/p>\n\n\n\n<p>\u201cIl problema della presenza della plastica nel mar Mediterraneo \u00e8 attualissimo e va combattuto, soprattutto dal punto di vista culturale e dell\u2019educazione ambientale perch\u00e9 rappresenta una minaccia globale che, oltre a compromettere la fauna marina, inquina irrimediabilmente l\u2019ambiente. L\u2019Onu, infatti, ha inserito il problema della plastica nei mari e negli oceani tra le sei emergenze ambientali pi\u00f9 gravi del secolo. La Regione Sardegna \u00e8 impegnata da tempo sul tema della salvaguardia della biodiversit\u00e0 marina, che rappresenta un fattore di ricchezza ambientale\u201d, ha concluso l\u2019Assessore dell\u2019Ambiente.&nbsp;Com<\/p>\n","protected":false},"excerpt":{"rendered":"<p>Cagliari, 1 Lug 2023\u00a0\u2013 Lo scorso 6 maggio, nelle acque di Porto Ottiolu, i biologi dell&#8217;Area marina protetta di Tavolara avevano recuperato una tartaruga Caretta&#8230;<\/p>\n","protected":false},"author":2,"featured_media":237820,"comment_status":"closed","ping_status":"open","sticky":false,"template":"","format":"standard","meta":[],"categories":[49,52],"tags":[],"_links":{"self":[{"href":"https:\/\/www.cronacaonline.it\/index.php\/wp-json\/wp\/v2\/posts\/237819"}],"collection":[{"href":"https:\/\/www.cronacaonline.it\/index.php\/wp-json\/wp\/v2\/posts"}],"about":[{"href":"https:\/\/www.cronacaonline.it\/index.php\/wp-json\/wp\/v2\/types\/post"}],"author":[{"embeddable":true,"href":"https:\/\/www.cronacaonline.it\/index.php\/wp-json\/wp\/v2\/users\/2"}],"replies":[{"embeddable":true,"href":"https:\/\/www.cronacaonline.it\/index.php\/wp-json\/wp\/v2\/comments?post=237819"}],"version-history":[{"count":1,"href":"https:\/\/www.cronacaonline.it\/index.php\/wp-json\/wp\/v2\/posts\/237819\/revisions"}],"predecessor-version":[{"id":237821,"href":"https:\/\/www.cronacaonline.it\/index.php\/wp-json\/wp\/v2\/posts\/237819\/revisions\/237821"}],"wp:featuredmedia":[{"embeddable":true,"href":"https:\/\/www.cronacaonline.it\/index.php\/wp-json\/wp\/v2\/media\/237820"}],"wp:attachment":[{"href":"https:\/\/www.cronacaonline.it\/index.php\/wp-json\/wp\/v2\/media?parent=237819"}],"wp:term":[{"taxonomy":"category","embeddable":true,"href":"https:\/\/www.cronacaonline.it\/index.php\/wp-json\/wp\/v2\/categories?post=237819"},{"taxonomy":"post_tag","embeddable":true,"href":"https:\/\/www.cronacaonline.it\/index.php\/wp-json\/wp\/v2\/tags?post=237819"}],"curies":[{"name":"wp","href":"https:\/\/api.w.org\/{rel}","templated":true}]}}