{"id":237804,"date":"2023-07-01T05:15:29","date_gmt":"2023-07-01T03:15:29","guid":{"rendered":"https:\/\/www.cronacaonline.it\/?p=237804"},"modified":"2023-07-01T05:15:32","modified_gmt":"2023-07-01T03:15:32","slug":"miniera-genna-tres-montis-i-minatori-lasciano-loccupazione-dopo-il-tavolo-in-regione-con-sindacati-e-societa-lassessore-pili-pronta-una-soluzione-per-garantire-la-continu","status":"publish","type":"post","link":"https:\/\/www.cronacaonline.it\/index.php\/2023\/07\/01\/miniera-genna-tres-montis-i-minatori-lasciano-loccupazione-dopo-il-tavolo-in-regione-con-sindacati-e-societa-lassessore-pili-pronta-una-soluzione-per-garantire-la-continu\/","title":{"rendered":"Miniera Genna Tres Montis, i minatori lasciano l\u2019occupazione dopo il tavolo in regione con sindacati e societ\u00e0. L\u2019assessore Pili: \u201cpronta una soluzione per garantire la continuit\u00e0 occupazionale\u201d."},"content":{"rendered":"\n<p>Cagliari, 1 Lug 2023\u00a0\u2013 \u201cApprendo con sollievo che i minatori sono risaliti dai pozzi che avevano occupato per protesta. \u00c8 il risultato del confronto odierno che \u00e8 stato utile a chiarire alcuni fraintendimenti e a far dialogare i lavoratori e le societ\u00e0. Pertanto oggi si concretizzer\u00e0 il passaggio della miniera da Igea alla societ\u00e0 privata Mineraria Gerrei. <\/p>\n\n\n\n<p>I lavoratori che resteranno con Igea, come gi\u00e0 previsto dalla delibera del marzo scorso, non verranno assolutamente trasferiti a Lula o a Iglesias, come prospettato ieri, ma saranno temporaneamente impiegati in siti limitrofi. Tra questi, abbiamo individuato anche la Laveria di Assemini. Ci\u00f2 consentir\u00e0 agli operai di affrontare questo nuovo percorso senza disagi\u201d. <\/p>\n\n\n\n<p>Lo affermato ieri l\u2019assessore dell\u2019Industria, Anita Pili, che questa mattina ha presieduto il tavolo di confronto tecnico istituzionale cui hanno partecipato i sindacati, i rappresentanti di Igea e i soci della Mineraria Gerrei, e i sindaci di Silius Antonio Forci e di San Basilio Albino Porru. Com<\/p>\n\n\n\n<p><\/p>\n","protected":false},"excerpt":{"rendered":"<p>Cagliari, 1 Lug 2023\u00a0\u2013 \u201cApprendo con sollievo che i minatori sono risaliti dai pozzi che avevano occupato per protesta. \u00c8 il risultato del confronto odierno&#8230;<\/p>\n","protected":false},"author":2,"featured_media":230445,"comment_status":"closed","ping_status":"open","sticky":false,"template":"","format":"standard","meta":[],"categories":[49,52],"tags":[],"_links":{"self":[{"href":"https:\/\/www.cronacaonline.it\/index.php\/wp-json\/wp\/v2\/posts\/237804"}],"collection":[{"href":"https:\/\/www.cronacaonline.it\/index.php\/wp-json\/wp\/v2\/posts"}],"about":[{"href":"https:\/\/www.cronacaonline.it\/index.php\/wp-json\/wp\/v2\/types\/post"}],"author":[{"embeddable":true,"href":"https:\/\/www.cronacaonline.it\/index.php\/wp-json\/wp\/v2\/users\/2"}],"replies":[{"embeddable":true,"href":"https:\/\/www.cronacaonline.it\/index.php\/wp-json\/wp\/v2\/comments?post=237804"}],"version-history":[{"count":1,"href":"https:\/\/www.cronacaonline.it\/index.php\/wp-json\/wp\/v2\/posts\/237804\/revisions"}],"predecessor-version":[{"id":237805,"href":"https:\/\/www.cronacaonline.it\/index.php\/wp-json\/wp\/v2\/posts\/237804\/revisions\/237805"}],"wp:featuredmedia":[{"embeddable":true,"href":"https:\/\/www.cronacaonline.it\/index.php\/wp-json\/wp\/v2\/media\/230445"}],"wp:attachment":[{"href":"https:\/\/www.cronacaonline.it\/index.php\/wp-json\/wp\/v2\/media?parent=237804"}],"wp:term":[{"taxonomy":"category","embeddable":true,"href":"https:\/\/www.cronacaonline.it\/index.php\/wp-json\/wp\/v2\/categories?post=237804"},{"taxonomy":"post_tag","embeddable":true,"href":"https:\/\/www.cronacaonline.it\/index.php\/wp-json\/wp\/v2\/tags?post=237804"}],"curies":[{"name":"wp","href":"https:\/\/api.w.org\/{rel}","templated":true}]}}