{"id":237795,"date":"2023-06-30T17:19:16","date_gmt":"2023-06-30T15:19:16","guid":{"rendered":"https:\/\/www.cronacaonline.it\/?p=237795"},"modified":"2023-06-30T17:19:18","modified_gmt":"2023-06-30T15:19:18","slug":"questione-ospedali-cossa-riformatori-siamo-soddisfatti-sciolto-ogni-dubbio-il-brotzu-non-si-tocca","status":"publish","type":"post","link":"https:\/\/www.cronacaonline.it\/index.php\/2023\/06\/30\/questione-ospedali-cossa-riformatori-siamo-soddisfatti-sciolto-ogni-dubbio-il-brotzu-non-si-tocca\/","title":{"rendered":"Questione ospedali, Cossa (Riformatori): siamo soddisfatti, sciolto ogni dubbio, il brotzu non si tocca."},"content":{"rendered":"\n<p>Cagliari, 30 Giu 2023 - \u201cPer garantire ai sardi un\u2019assistenza sanitaria adeguata non si pu\u00f2 prescindere dalla realizzazione di ospedali moderni, accoglienti e in grado di utilizzare le tecnologie pi\u00f9 aggiornate. In questo contesto il Brotzu rester\u00e0 l\u2019ospedale sardo di rilevanza nazionale di alta specializzazione, continuando a svolgere, migliorandolo, il ruolo di punto di riferimento per tutta la Sardegna. Su questo non ci sono dubbi, e non possiamo che essere pi\u00f9 che soddisfatti\u201d.<\/p>\n\n\n\n<p>Lo ha dichiarato il consigliere regionale dei Riformatori Michele Cossa a margine della riunione di stamattina. \u201cLe risorse economiche attualmente destinate all\u2019Arnas Brotzu, sono intoccabili e verranno utilizzate secondo le indicazioni dell\u2019Azienda stessa, con l\u2019obiettivo di tutelare e potenziare la sua offerta di alta specializzazione che le consente di essere il principale punto di riferimento della sanit\u00e0 pubblica sarda. Verranno spese tutte le risorse che servono per mantenere pienamente in efficienza l\u2019attuale struttura, e dovranno essere accelerati i lavori piastra tecnologica, essenziale per garantire il migliore livello di prestazioni\u201d. L\u2019obiettivo \u00e8 quello i di cambiare radicalmente la qualit\u00e0 della sanit\u00e0 al servizio dei sardi, grazie a una profonda modernizzazione dell\u2019attuale rete ospedaliera sarda, con la costruzione, ormai indifferibile, di nuovi presidi e il rafforzamento di quelli gi\u00e0 esistenti, a partire dall\u2019ospedale San Martino di Oristano.<\/p>\n\n\n\n<p>\u201cStiamo predisponendo una mozione da sottoporre alla maggioranza che affronti complessivamente i temi della programmazione sanitaria\u201d, conclude Cossa. Com<\/p>\n","protected":false},"excerpt":{"rendered":"<p>Cagliari, 30 Giu 2023 &#8211; \u201cPer garantire ai sardi un\u2019assistenza sanitaria adeguata non si pu\u00f2 prescindere dalla realizzazione di ospedali moderni, accoglienti e in grado&#8230;<\/p>\n","protected":false},"author":2,"featured_media":192254,"comment_status":"closed","ping_status":"open","sticky":false,"template":"","format":"standard","meta":[],"categories":[49,52],"tags":[],"_links":{"self":[{"href":"https:\/\/www.cronacaonline.it\/index.php\/wp-json\/wp\/v2\/posts\/237795"}],"collection":[{"href":"https:\/\/www.cronacaonline.it\/index.php\/wp-json\/wp\/v2\/posts"}],"about":[{"href":"https:\/\/www.cronacaonline.it\/index.php\/wp-json\/wp\/v2\/types\/post"}],"author":[{"embeddable":true,"href":"https:\/\/www.cronacaonline.it\/index.php\/wp-json\/wp\/v2\/users\/2"}],"replies":[{"embeddable":true,"href":"https:\/\/www.cronacaonline.it\/index.php\/wp-json\/wp\/v2\/comments?post=237795"}],"version-history":[{"count":1,"href":"https:\/\/www.cronacaonline.it\/index.php\/wp-json\/wp\/v2\/posts\/237795\/revisions"}],"predecessor-version":[{"id":237796,"href":"https:\/\/www.cronacaonline.it\/index.php\/wp-json\/wp\/v2\/posts\/237795\/revisions\/237796"}],"wp:featuredmedia":[{"embeddable":true,"href":"https:\/\/www.cronacaonline.it\/index.php\/wp-json\/wp\/v2\/media\/192254"}],"wp:attachment":[{"href":"https:\/\/www.cronacaonline.it\/index.php\/wp-json\/wp\/v2\/media?parent=237795"}],"wp:term":[{"taxonomy":"category","embeddable":true,"href":"https:\/\/www.cronacaonline.it\/index.php\/wp-json\/wp\/v2\/categories?post=237795"},{"taxonomy":"post_tag","embeddable":true,"href":"https:\/\/www.cronacaonline.it\/index.php\/wp-json\/wp\/v2\/tags?post=237795"}],"curies":[{"name":"wp","href":"https:\/\/api.w.org\/{rel}","templated":true}]}}