{"id":237786,"date":"2023-06-30T15:01:38","date_gmt":"2023-06-30T13:01:38","guid":{"rendered":"https:\/\/www.cronacaonline.it\/?p=237786"},"modified":"2023-06-30T15:01:40","modified_gmt":"2023-06-30T13:01:40","slug":"numero-unico-per-le-cure-territoriali-gli-assessori-doria-e-saiu-via-agli-interventi-per-la-realizzazione-della-centrale-operativa-a-nuoro","status":"publish","type":"post","link":"https:\/\/www.cronacaonline.it\/index.php\/2023\/06\/30\/numero-unico-per-le-cure-territoriali-gli-assessori-doria-e-saiu-via-agli-interventi-per-la-realizzazione-della-centrale-operativa-a-nuoro\/","title":{"rendered":"Numero unico per le cure territoriali, gli assessori Doria e Saiu: \u201cvia agli interventi per la realizzazione della centrale operativa a nuoro\u201d."},"content":{"rendered":"\n<p>Cagliari, 30 Giu 2023\u00a0\u2013 Passo in avanti della Regione verso la realizzazione della centrale operativa del numero europeo armonizzato (Nea) \u2018116117\u2019 per l\u2019accesso alle cure mediche non urgenti e altri servizi sanitari territoriali a bassa intensit\u00e0 di cura. La Giunta sarda, su proposta dell\u2019assessore regionale della Sanit\u00e0, Carlo Doria, di concerto con l\u2019assessore dei Lavori Pubblici, Pierluigi Saiu, ha approvato la delibera che dispone l\u2019assegnazione all\u2019Azienda regionale dell\u2019emergenza e urgenza della Sardegna (Areus) delle risorse (circa 250mila euro) per la ristrutturazione edilizia e l\u2019adeguamento funzionale dei locali dell\u2019ex Convento delle Carmelitane in via Oggiano, a Nuoro, gi\u00e0 sede dell\u2019\u2019Areus, per la realizzazione della nuova Centrale operativa dell\u2019116117.<\/p>\n\n\n\n<p>\u201cDopo l\u2019attivazione del numero unico per l\u2019emergenza 112, con l\u2019apertura della Centrale unica di risposta (Cur) a Sassari e la sua progressiva implementazione fino all\u2019intera copertura del territorio regionale, ci avviamo ad aggiungere un altro importante tassello nel consolidamento della struttura organizzativa di Areus e dei servizi sanitari che l\u2019azienda eroga ai cittadini. L\u2019intervento a Nuoro per la realizzazione della Centrale operativa del numero per le cure mediche non urgenti e continuit\u00e0 assistenziale segue un percorso definito e un impegno con il territorio a cui stiamo dando gambe\u201d.<\/p>\n\n\n\n<figure class=\"wp-block-image size-full is-resized\"><img loading=\"lazy\" src=\"https:\/\/www.cronacaonline.it\/wp-content\/uploads\/2023\/03\/Lavori-Pubblici-Sardegna_Assessore-Saiu.jpg\" alt=\"\" class=\"wp-image-233219\" width=\"713\" height=\"594\" srcset=\"https:\/\/www.cronacaonline.it\/wp-content\/uploads\/2023\/03\/Lavori-Pubblici-Sardegna_Assessore-Saiu.jpg 600w, https:\/\/www.cronacaonline.it\/wp-content\/uploads\/2023\/03\/Lavori-Pubblici-Sardegna_Assessore-Saiu-300x250.jpg 300w\" sizes=\"(max-width: 713px) 100vw, 713px\" \/><\/figure>\n\n\n\n<p>Gli interventi sulla struttura di via Oggiano saranno affidati da Areus a Ois, Opere e infrastrutture della Sardegna, societ\u00e0 in-house della Regione. \u201cPresto Areus \u2013 dichiara l\u2019assessore Saiu \u2013 dar\u00e0 il via ai lavori per la realizzazione della Centrale operativa. Gli interventi strutturali e tecnologici partiranno a breve e saranno terminati entro il 2023, grazie anche alla collaborazione con Ois, societ\u00e0 dei lavori pubblici, che espleter\u00e0 le procedure di affidamento dei lavori. L'attivazione della Centrale NEA sar\u00e0 anche un\u2019opportunit\u00e0 per il reclutamento di nuovo personale qualificato. In servizio saranno costantemente presenti sia operatori tecnici, sia infermieri dedicati, che gestiranno le interlocuzioni Centrali operative territoriali (Cot), con le Case di Comunit\u00e0 attivate nelle diverse Asl e con lo stesso 112 per i casi che dovessero invece rivelarsi emergenze. Areus \u00e8 un\u2019azienda regionale, che ha sede a Nuoro, che in questa legislatura abbiamo difeso e potenziato. Abbiamo instaurato una collaborazione fruttuosa che servir\u00e0 ad affrontare insieme le prossime impegnative sfide che riguarderanno le infrastrutture sanitarie della Sardegna\u201d. Com<\/p>\n","protected":false},"excerpt":{"rendered":"<p>Cagliari, 30 Giu 2023\u00a0\u2013 Passo in avanti della Regione verso la realizzazione della centrale operativa del numero europeo armonizzato (Nea) \u2018116117\u2019 per l\u2019accesso alle cure&#8230;<\/p>\n","protected":false},"author":2,"featured_media":229825,"comment_status":"closed","ping_status":"open","sticky":false,"template":"","format":"standard","meta":[],"categories":[49,52],"tags":[],"_links":{"self":[{"href":"https:\/\/www.cronacaonline.it\/index.php\/wp-json\/wp\/v2\/posts\/237786"}],"collection":[{"href":"https:\/\/www.cronacaonline.it\/index.php\/wp-json\/wp\/v2\/posts"}],"about":[{"href":"https:\/\/www.cronacaonline.it\/index.php\/wp-json\/wp\/v2\/types\/post"}],"author":[{"embeddable":true,"href":"https:\/\/www.cronacaonline.it\/index.php\/wp-json\/wp\/v2\/users\/2"}],"replies":[{"embeddable":true,"href":"https:\/\/www.cronacaonline.it\/index.php\/wp-json\/wp\/v2\/comments?post=237786"}],"version-history":[{"count":1,"href":"https:\/\/www.cronacaonline.it\/index.php\/wp-json\/wp\/v2\/posts\/237786\/revisions"}],"predecessor-version":[{"id":237787,"href":"https:\/\/www.cronacaonline.it\/index.php\/wp-json\/wp\/v2\/posts\/237786\/revisions\/237787"}],"wp:featuredmedia":[{"embeddable":true,"href":"https:\/\/www.cronacaonline.it\/index.php\/wp-json\/wp\/v2\/media\/229825"}],"wp:attachment":[{"href":"https:\/\/www.cronacaonline.it\/index.php\/wp-json\/wp\/v2\/media?parent=237786"}],"wp:term":[{"taxonomy":"category","embeddable":true,"href":"https:\/\/www.cronacaonline.it\/index.php\/wp-json\/wp\/v2\/categories?post=237786"},{"taxonomy":"post_tag","embeddable":true,"href":"https:\/\/www.cronacaonline.it\/index.php\/wp-json\/wp\/v2\/tags?post=237786"}],"curies":[{"name":"wp","href":"https:\/\/api.w.org\/{rel}","templated":true}]}}