{"id":237748,"date":"2023-06-29T20:53:26","date_gmt":"2023-06-29T18:53:26","guid":{"rendered":"https:\/\/www.cronacaonline.it\/?p=237748"},"modified":"2023-06-29T20:53:29","modified_gmt":"2023-06-29T18:53:29","slug":"nuovi-ospedali-il-presidente-sardegna-unopportunita-per-lisola-sul-tema-troppe-strumentalizzazioni-nessun-ostacolo-allo-stadio-s-elia-il-comune-proponga-dove-realizzar","status":"publish","type":"post","link":"https:\/\/www.cronacaonline.it\/index.php\/2023\/06\/29\/nuovi-ospedali-il-presidente-sardegna-unopportunita-per-lisola-sul-tema-troppe-strumentalizzazioni-nessun-ostacolo-allo-stadio-s-elia-il-comune-proponga-dove-realizzar\/","title":{"rendered":"Nuovi ospedali, il presidente Sardegna: \u201cun\u2019opportunit\u00e0 per l\u2019Isola. Sul tema troppe strumentalizzazioni. Nessun ostacolo allo stadio S. Elia, il comune proponga dove realizzare l&#8217;ospedale\u201d."},"content":{"rendered":"\n<p>Cagliari, 29 Giu 2023 \u2013 \u201cDopo la lunga parentesi della pandemia abbiamo ritenuto di dare attuazione a un\u2019importante riforma del sistema sanitario che restituisse dignit\u00e0 ai territori. In questo percorso abbiamo posto una riflessione sulla necessit\u00e0 di nuovi ospedali e approvato una legge che prevede la loro realizzazione e la riqualificazione delle strutture esistenti. L\u2019Arnas Brotzu, rappresenta oggi l\u2019unico centro ad alta specializzazione della Sardegna. Oggi, dopo decenni, abbiamo le risorse a disposizione e l\u2019opportunit\u00e0 di dare una nuova casa al Brotzu, che sia all\u2019altezza di una struttura all\u2019avanguardia del terzo millennio. L\u2019incontro di oggi con gli operatori oltre a essere doveroso sul piano istituzionale \u00e8 fondamentale per riportare tutto questo alla verit\u00e0 dei fatti, dopo le numerose polemiche e strumentalizzazioni a cui abbiamo assistito nell\u2019ultimo periodo\u201d. Lo dichiara il Presidente della Regione, che oggi, a Cagliari, assieme all\u2019assessore della Sanit\u00e0, Carlo Doria, ha incontrato il personale dell\u2019Arnas Brotzu sul tema del nuovo ospedale.<\/p>\n\n\n\n<p>\u201cIl Brotzu, l\u2019ospedale San Michele, \u00e8 una struttura \u2013 precisa il Presidente \u2013 il cui progetto risale agli anni Sessanta e realizzato nei primi anni Ottanta. Una ristrutturazione radicale, con i tantissimi pazienti che ogni giorno sono assistiti al suo interno, non solo sarebbe complicata e fonte di enormi disagi, ma non porterebbe mai al risultato che si otterrebbe con la realizzazione di un nuovo ospedale che risponda agli attuali standard di modernit\u00e0 ed efficienza. Ritengo che oggi il Brotzu rappresenti un centro di eccellenza e i cagliaritani e i sardi meritino una struttura che sia all\u2019altezza\u201d.<\/p>\n\n\n\n<p>In quest\u2019ottica, chiarisce il Presidente: \u201cLa delibera approvata dalla Giunta ha dato incarico per la predisposizione di uno studio di fattibilit\u00e0 del nuovo ospedale. Nessuno ha mai pensato lontanamente di mettere in discussione il ruolo del Dea di secondo livello e ogni ricostruzione fatta in tal senso e oltremodo fantasiosa e strumentale. L\u2019investimento per la realizzazione di una piastra tecnologica appartiene a un capitolo a parte, che non ha nulla a che vedere con le risorse gi\u00e0 individuate per la realizzazione del nuovo ospedale. In questa fase abbiamo sollevato dubbi sull\u2019opportunit\u00e0 di realizzare la nuova piastra con risorse che potrebbero essere invece rimodulate e investite per interventi necessari sul vecchio ospedale, con l\u2019obiettivo di mantenerlo al massimo dell\u2019efficienza fino alla realizzazione del nuovo plesso. Abbiamo posto una riflessione di buonsenso\u201d.<\/p>\n\n\n\n<p>\u201cNegli ultimi anni in Sardegna si sono solo chiusi ospedali. A Cagliari il nuovo ospedale non vedr\u00e0 certo la luce in questa legislatura, non pu\u00f2 essere considerato un argomento da campagna elettorale. Ci\u00f2 che voglio lasciare sono l\u2019idea e le risorse per opere importanti quanto necessarie. A Cagliari non c\u2019\u00e8 alcuna competizione con la realizzazione dello stadio\u201d.<\/p>\n\n\n\n<p>\u201cSiamo ben consapevoli dei problemi che gravano oggi sulla Sanit\u00e0 e in questi anni siamo intervenuti su pi\u00f9 fronti, uno su tutti sulla programmazione e la formazione dei medici, la cui carenza pesa ovunque. Cinque anni fa avevamo le borse regionali per le scuole di specializzazione erano meno di una trentina, oggi sono pi\u00f9 di 250. Abbiamo seminato frutti che si vedranno nel tempo e se oggi non gettiamo le basi per la realizzazione dei nuovi ospedali la Sardegna rischia di rimanere indietro\u201d. Com<\/p>\n","protected":false},"excerpt":{"rendered":"<p>Cagliari, 29 Giu 2023 \u2013 \u201cDopo la lunga parentesi della pandemia abbiamo ritenuto di dare attuazione a un\u2019importante riforma del sistema sanitario che restituisse dignit\u00e0&#8230;<\/p>\n","protected":false},"author":2,"featured_media":122180,"comment_status":"closed","ping_status":"open","sticky":false,"template":"","format":"standard","meta":[],"categories":[49,52],"tags":[],"_links":{"self":[{"href":"https:\/\/www.cronacaonline.it\/index.php\/wp-json\/wp\/v2\/posts\/237748"}],"collection":[{"href":"https:\/\/www.cronacaonline.it\/index.php\/wp-json\/wp\/v2\/posts"}],"about":[{"href":"https:\/\/www.cronacaonline.it\/index.php\/wp-json\/wp\/v2\/types\/post"}],"author":[{"embeddable":true,"href":"https:\/\/www.cronacaonline.it\/index.php\/wp-json\/wp\/v2\/users\/2"}],"replies":[{"embeddable":true,"href":"https:\/\/www.cronacaonline.it\/index.php\/wp-json\/wp\/v2\/comments?post=237748"}],"version-history":[{"count":1,"href":"https:\/\/www.cronacaonline.it\/index.php\/wp-json\/wp\/v2\/posts\/237748\/revisions"}],"predecessor-version":[{"id":237749,"href":"https:\/\/www.cronacaonline.it\/index.php\/wp-json\/wp\/v2\/posts\/237748\/revisions\/237749"}],"wp:featuredmedia":[{"embeddable":true,"href":"https:\/\/www.cronacaonline.it\/index.php\/wp-json\/wp\/v2\/media\/122180"}],"wp:attachment":[{"href":"https:\/\/www.cronacaonline.it\/index.php\/wp-json\/wp\/v2\/media?parent=237748"}],"wp:term":[{"taxonomy":"category","embeddable":true,"href":"https:\/\/www.cronacaonline.it\/index.php\/wp-json\/wp\/v2\/categories?post=237748"},{"taxonomy":"post_tag","embeddable":true,"href":"https:\/\/www.cronacaonline.it\/index.php\/wp-json\/wp\/v2\/tags?post=237748"}],"curies":[{"name":"wp","href":"https:\/\/api.w.org\/{rel}","templated":true}]}}