{"id":237733,"date":"2023-06-29T14:52:57","date_gmt":"2023-06-29T12:52:57","guid":{"rendered":"https:\/\/www.cronacaonline.it\/?p=237733"},"modified":"2023-06-29T14:53:00","modified_gmt":"2023-06-29T12:53:00","slug":"pari-opportunita-lassessore-ada-lai-presentati-i-dati-del-progetto-di-alfabetizzazione-informatica-per-le-detenute","status":"publish","type":"post","link":"https:\/\/www.cronacaonline.it\/index.php\/2023\/06\/29\/pari-opportunita-lassessore-ada-lai-presentati-i-dati-del-progetto-di-alfabetizzazione-informatica-per-le-detenute\/","title":{"rendered":"Pari opportunit\u00e0, L\u2019assessore Ada Lai: presentati i dati del progetto di alfabetizzazione informatica per le detenute."},"content":{"rendered":"\n<p>Cagliari, 29 Giu 2023\u00a0\u2013 \u201cTutti hanno diritto al lavoro e al reinserimento sociale: occorre formare adeguatamente anche i datori di lavoro affinch\u00e9 l\u2019occupazione diventi sempre pi\u00f9 sostenibile e funzionale alla crescita professionale della persona. La politica attiva passa anche per questo, con il sostegno alle imprese e un lavoro sulla mentalit\u00e0 comune\u201d. Lo ha detto l\u2019assessore regionale del Lavoro, Ada Lai, che questa mattina \u00e8 intervenuta al convegno della Commissione Regionale per le Pari Opportunit\u00e0 nel quale sono stati presentati i risultati di un progetto di alfabetizzazione informatica rivolto alle detenute del carcere di Uta.<\/p>\n\n\n\n<p>Il progetto, avviato a dicembre 2022, si \u00e8 sviluppato nell'arco di sei mesi ed ha coinvolto un gruppo di detenute della Casa Circondariale di Uta a cui sono stati impartiti i rudimenti per l'uso dei sistemi informatici grazie all\u2019ausilio del dello Studio L&amp;P (Learning &amp; Progress) che ne ha curato i contenuti e la formazione.<\/p>\n\n\n\n<p>Il corso ha riscontrato un buon livello di gradimento con le donne, che hanno costruito un buon rapporto con i docenti e riconosciuto l\u2019importanza di questo progetto per la loro vita professionale futura.<\/p>\n\n\n\n<p>Obiettivo principale del corso \u00e8 stato infatti quello di dare alle allieve, una volta scontata la pena, la possibilit\u00e0 di inserirsi nuovamente nella societ\u00e0 con conoscenze di base degli strumenti informatici, oggi parte integrante e imprescindibile del mondo del lavoro, ma anche della vita quotidiana. Inoltre, si \u00e8 anche voluto trasmettere l\u2019interesse per lo studio come strumento per la propria emancipazione personale.<\/p>\n\n\n\n<p>Un investimento sul quale la Commissione Regionale per le Pari Opportunit\u00e0 ha creduto fin da quando, dopo una serie di incontri avvenuti all'interno della Casa Circondariale di Uta con il Direttore Marco Porcu e il Funzionario Giuridico-pedagogico Giuseppina Pani Responsabile dell'Area educativa \u2013 oggi presenti alla conferenza stampa \u2013 ha compreso la condizione di disparit\u00e0 che le donne vivono rispetto agli uomini persino dietro le mura carcerarie.&nbsp;<\/p>\n\n\n\n<p>\u201cLe persone private della libert\u00e0 \u2013 hanno spiegato Barbara Congiu, vice Presidente della CRPO, e Maristella Casula, commissaria e responsabile del progetto \u2013 sono persone deviate, che si trovano in un contesto antisociale e necessitano di particolare attenzione e sensibilit\u00e0. La reintegrazione \u00e8 un fattore molto importante per la ripresa del loro stato di benessere, di salute e quindi del recupero delle condizioni idonee al reinserimento lavorativo. In questo \u2013 ha sottolineato Maristella Casula \u2013 il progetto di alfabetizzazione informatica \u00e8 stato essenziale in quanto strumento imprescindibile alla vita lavorativa e anche a dar loro quella forza necessaria a sentirsi consapevoli delle proprie possibilit\u00e0. La parit\u00e0 non \u00e8 solo di genere ma riguarda tuti gli aspetti\u201d.<\/p>\n\n\n\n<p>\u201cIntegrazione, inclusione e accoglienza: queste sono le tre parole chiave del reinserimento sociale. Il progetto che la Commissione per le Pari Opportunit\u00e0 sta portando avanti \u2013 ha detto l\u2019assessore Ada Lai -&nbsp;&nbsp;\u00e8 il principio di questi concetti. Il reinserimento sociale e lavorativo degli ex detenuti dimostra anche il buon operato delle pubbliche amministrazioni nel campo del lavoro: in Sardegna il lavoro c\u2019\u00e8, ed \u00e8 destinato a crescere. Per farlo al meglio e far incontrare domanda e offerta occorre che non solo i lavoratori ma anche le imprese e gli imprenditori siano formati per rispondere alle esigenze attuali. Il mondo del lavoro \u2013 ha spiegato l\u2019assessore Lai in conclusione \u2013 dovr\u00e0 infatti essere sempre pi\u00f9 sostenibile, utile alla crescita professionale della persona e attento alle condizioni di salute e sociali del lavoratore. La Regione c\u2019\u00e8, con impegno, fondi e progetti\u201d. Com<\/p>\n","protected":false},"excerpt":{"rendered":"<p>Cagliari, 29 Giu 2023\u00a0\u2013 \u201cTutti hanno diritto al lavoro e al reinserimento sociale: occorre formare adeguatamente anche i datori di lavoro affinch\u00e9 l\u2019occupazione diventi sempre&#8230;<\/p>\n","protected":false},"author":2,"featured_media":237734,"comment_status":"closed","ping_status":"open","sticky":false,"template":"","format":"standard","meta":[],"categories":[49,52],"tags":[],"_links":{"self":[{"href":"https:\/\/www.cronacaonline.it\/index.php\/wp-json\/wp\/v2\/posts\/237733"}],"collection":[{"href":"https:\/\/www.cronacaonline.it\/index.php\/wp-json\/wp\/v2\/posts"}],"about":[{"href":"https:\/\/www.cronacaonline.it\/index.php\/wp-json\/wp\/v2\/types\/post"}],"author":[{"embeddable":true,"href":"https:\/\/www.cronacaonline.it\/index.php\/wp-json\/wp\/v2\/users\/2"}],"replies":[{"embeddable":true,"href":"https:\/\/www.cronacaonline.it\/index.php\/wp-json\/wp\/v2\/comments?post=237733"}],"version-history":[{"count":1,"href":"https:\/\/www.cronacaonline.it\/index.php\/wp-json\/wp\/v2\/posts\/237733\/revisions"}],"predecessor-version":[{"id":237735,"href":"https:\/\/www.cronacaonline.it\/index.php\/wp-json\/wp\/v2\/posts\/237733\/revisions\/237735"}],"wp:featuredmedia":[{"embeddable":true,"href":"https:\/\/www.cronacaonline.it\/index.php\/wp-json\/wp\/v2\/media\/237734"}],"wp:attachment":[{"href":"https:\/\/www.cronacaonline.it\/index.php\/wp-json\/wp\/v2\/media?parent=237733"}],"wp:term":[{"taxonomy":"category","embeddable":true,"href":"https:\/\/www.cronacaonline.it\/index.php\/wp-json\/wp\/v2\/categories?post=237733"},{"taxonomy":"post_tag","embeddable":true,"href":"https:\/\/www.cronacaonline.it\/index.php\/wp-json\/wp\/v2\/tags?post=237733"}],"curies":[{"name":"wp","href":"https:\/\/api.w.org\/{rel}","templated":true}]}}