{"id":237725,"date":"2023-06-29T11:54:58","date_gmt":"2023-06-29T09:54:58","guid":{"rendered":"https:\/\/www.cronacaonline.it\/?p=237725"},"modified":"2023-06-29T11:55:01","modified_gmt":"2023-06-29T09:55:01","slug":"assessore-doria-risorse-aggiuntive-per-i-compensi-del-personale-sanitario-accordo-tra-regione-e-sindacati","status":"publish","type":"post","link":"https:\/\/www.cronacaonline.it\/index.php\/2023\/06\/29\/assessore-doria-risorse-aggiuntive-per-i-compensi-del-personale-sanitario-accordo-tra-regione-e-sindacati\/","title":{"rendered":"Assessore Doria: risorse aggiuntive per i compensi del personale sanitario, accordo tra regione e sindacati."},"content":{"rendered":"\n<p>Cagliari, 29 Giu 2023\u00a0\u2013 Raggiunto l\u2019accordo tra la Regione e i sindacati sulle Rar, le risorse aggiuntive regionali, per il riconoscimento di maggiori compensi al personale ospedaliero (80 euro lordi l\u2019ora per i medici e 50 per il personale del comparto) in relazione a specifici progetti obiettivo delle aziende sanitarie sarde per il potenziamento delle prestazioni e abbattimento delle liste d\u2019attesa.<\/p>\n\n\n\n<p>\u201cI fondi a disposizione, 8 milioni di euro, sono stati ripartiti tra le Asl e le aziende ospedaliere secondo parametri che sono stati condivisi con le organizzazioni sindacali per cercare di favorire le sedi in cui oggi si registrano le carenze pi\u00f9 forti a livello di personale o dove comunque il volume di attivit\u00e0 \u00e8 particolarmente elevato rispetto alle forze campo. Per Nuoro, ad esempio, che con il San Francesco rappresenta il terzo polo della sanit\u00e0 ospedaliera dell\u2019Isola e oggi fa i conti con criticit\u00e0 importanti per la carenza di personale, abbiamo messo a disposizione poco meno di 1,8 milioni di euro, l\u2019importo pi\u00f9 consistente, per dare alla Asl un budget adeguato alle necessit\u00e0. Le Rar in questa formula rappresentano un incentivo anche per i medici, infermieri e tecnici in servizio in altre aziende dell\u2019Isola che volessero prestare attivit\u00e0 negli ospedali del territorio\u201d.<\/p>\n\n\n\n<p>\u201cOltre all\u2019accordo sulle Rar \u2013 precisa l\u2019assessore Doria \u2013 con i sindacati abbiamo condiviso i contenuti di un altro importante istituto contrattuale, quello delle prestazioni aggiuntive del personale che \u00e8 oggetto di un\u2019nuovo accordo in itinere che verr\u00e0 firmato nei prossimi giorni. In questo ambito abbiamo stabilito, recependo integralmente quanto previsto dal decreto \u2018Bollette\u2019, convertito in legge, il riconoscimento di un maggiore incentivo al personale in servizio nei pronto soccorso e nelle strutture afferenti ai dipartimenti di emergenza-urgenza quantificabili nella misura fino a 100 euro lordi l\u2019ora per i medici e fino a 50 euro lordi l\u2019ora per il personale del comparto\u201d.<\/p>\n\n\n\n<p>Sempre sulle prestazioni aggiuntive sono stati inoltre condivisi con i sindacati i criteri che riguarderanno tutte le altre discipline e per cui \u201cAbbiamo previsto \u2013 spiega l\u2019assessore Doria \u2013 un importo fino a 80 euro lordi l\u2019ora per i medici e fino a 60 euro lordi l\u2019ora per il personale del comparto, che saranno poi oggetto di definizione nella contrattazione decentrata tra gli stessi sindacati e le aziende\u201d.<\/p>\n\n\n\n<p>Particolare attenzione per i tecnici di radiologia dedicati alla radioterapia: \u201cChe potranno ricevere cos\u00ec un giusto incentivo e riconoscimento a fronte del piano di potenziamento delle prestazioni conseguente all\u2019importante ammodernamento tecnologico della radioterapia del Businco\u201d, conclude l\u2019assessore Doria. Com<\/p>\n","protected":false},"excerpt":{"rendered":"<p>Cagliari, 29 Giu 2023\u00a0\u2013 Raggiunto l\u2019accordo tra la Regione e i sindacati sulle Rar, le risorse aggiuntive regionali, per il riconoscimento di maggiori compensi al&#8230;<\/p>\n","protected":false},"author":2,"featured_media":229794,"comment_status":"closed","ping_status":"open","sticky":false,"template":"","format":"standard","meta":[],"categories":[49,52],"tags":[],"_links":{"self":[{"href":"https:\/\/www.cronacaonline.it\/index.php\/wp-json\/wp\/v2\/posts\/237725"}],"collection":[{"href":"https:\/\/www.cronacaonline.it\/index.php\/wp-json\/wp\/v2\/posts"}],"about":[{"href":"https:\/\/www.cronacaonline.it\/index.php\/wp-json\/wp\/v2\/types\/post"}],"author":[{"embeddable":true,"href":"https:\/\/www.cronacaonline.it\/index.php\/wp-json\/wp\/v2\/users\/2"}],"replies":[{"embeddable":true,"href":"https:\/\/www.cronacaonline.it\/index.php\/wp-json\/wp\/v2\/comments?post=237725"}],"version-history":[{"count":1,"href":"https:\/\/www.cronacaonline.it\/index.php\/wp-json\/wp\/v2\/posts\/237725\/revisions"}],"predecessor-version":[{"id":237726,"href":"https:\/\/www.cronacaonline.it\/index.php\/wp-json\/wp\/v2\/posts\/237725\/revisions\/237726"}],"wp:featuredmedia":[{"embeddable":true,"href":"https:\/\/www.cronacaonline.it\/index.php\/wp-json\/wp\/v2\/media\/229794"}],"wp:attachment":[{"href":"https:\/\/www.cronacaonline.it\/index.php\/wp-json\/wp\/v2\/media?parent=237725"}],"wp:term":[{"taxonomy":"category","embeddable":true,"href":"https:\/\/www.cronacaonline.it\/index.php\/wp-json\/wp\/v2\/categories?post=237725"},{"taxonomy":"post_tag","embeddable":true,"href":"https:\/\/www.cronacaonline.it\/index.php\/wp-json\/wp\/v2\/tags?post=237725"}],"curies":[{"name":"wp","href":"https:\/\/api.w.org\/{rel}","templated":true}]}}