{"id":237717,"date":"2023-06-29T10:31:05","date_gmt":"2023-06-29T08:31:05","guid":{"rendered":"https:\/\/www.cronacaonline.it\/?p=237717"},"modified":"2023-06-29T10:31:09","modified_gmt":"2023-06-29T08:31:09","slug":"anchio-sono-la-protezione-civile-al-via-i-campi-scuola-della-regione-sardegna-dal-3-luglio-al-5-settembre","status":"publish","type":"post","link":"https:\/\/www.cronacaonline.it\/index.php\/2023\/06\/29\/anchio-sono-la-protezione-civile-al-via-i-campi-scuola-della-regione-sardegna-dal-3-luglio-al-5-settembre\/","title":{"rendered":"\u00a0\u201cAnch\u2019io sono la Protezione Civile\u201d: al via i campi scuola della Regione Sardegna &#8211; dal 3 luglio al 5 settembre."},"content":{"rendered":"\n<p>Cagliari\u00a029 Giu 2023\u00a0\u2013 Sono\u00a06 le Organizzazioni di Volontariato di Protezione Civile iscritte al Registro regionale, e\u00a03\u00a0quelle iscritte al registro\u00a0nazionale,\u00a0che partecipano alla tredicesima edizione del progetto nazionale\u00a0\u201cAnch\u2019io sono la protezione civile\u201d, con un totale di 9 campi scuola riservati ai\u00a0ragazzi dai 10 ai 16 anni, in programma dal\u00a03 luglio al 5 settembre.\u00a0Si inizia con il primo campo previsto a\u00a0Uras, per proseguire\u00a0a Isili, Orosei, Serdiana, Assemini, Serrenti, Gavoi\u00a0e concludere a\u00a0Valledoria.<\/p>\n\n\n\n<p>Organizzato dal&nbsp;Dipartimento della Protezione Civile&nbsp;in collaborazione con le&nbsp;Regioni, la Provincia Autonoma di Bolzano e le&nbsp;Organizzazioni&nbsp;nazionali e locali&nbsp;di volontariato, il progetto campi scuola \"Anch\u2019io sono la Protezione Civile\" ha l\u2019obiettivo di&nbsp;consapevolizzare i ragazzi&nbsp;rispetto al&nbsp;ruolo attivo&nbsp;che ognuno di loro pu\u00f2 svolgere quotidianamente per&nbsp;tutelare l\u2019ambiente, il territorio e la collettivit\u00e0, a partire dai piccoli gesti.&nbsp;Il percorso di&nbsp;circa una settimana, infatti, alterner\u00e0&nbsp;esercitazioni pratiche&nbsp;ad&nbsp;attivit\u00e0 ludico-ricreative&nbsp;e momenti di&nbsp;confronto didattico, e sar\u00e0 l\u2019occasione per conoscere meglio il&nbsp;Sistema di protezione civile.<\/p>\n\n\n\n<p>Saranno oltre&nbsp;7mila&nbsp;i ragazzi accolti nei&nbsp;270 campi scuola&nbsp;attivati su tutto il territorio nazionale e come&nbsp;ha sottolineato il&nbsp;Capo Dipartimento Fabrizio Curcio, il progetto \u201cha una duplice valenza: diffondere tra i giovani la cultura della prevenzione e avvicinarli al mondo del volontariato organizzato, preziosa risorsa per il nostro Sistema. Le recenti alluvioni in Emilia-Romagna, oltre a restituirci la fotografia di un Paese vulnerabile e sempre pi\u00f9 soggetto ad eventi atmosferici estremi, ci hanno mostrato ancora una volta una spinta solidale importante che, per essere realmente efficace, non solo nel breve ma anche nel lungo periodo, deve poter contare su un\u2019adeguata formazione e preparazione\u201d.<\/p>\n\n\n\n<p>Lista dei campi scuola \"Anch'io sono la Protezione Civile\" 2023 disponibili in Sardegna e contatti utili per le iscrizioni nel sito della Protezione Civile:&nbsp;<a href=\"\\Users\\emcorona\\Desktop\\bit.ly\\CSRAS23\" target=\"_blank\" rel=\"noreferrer noopener\">bit.ly\/CSRAS23<\/a><\/p>\n","protected":false},"excerpt":{"rendered":"<p>Cagliari\u00a029 Giu 2023\u00a0\u2013 Sono\u00a06 le Organizzazioni di Volontariato di Protezione Civile iscritte al Registro regionale, e\u00a03\u00a0quelle iscritte al registro\u00a0nazionale,\u00a0che partecipano alla tredicesima edizione del progetto&#8230;<\/p>\n","protected":false},"author":2,"featured_media":237281,"comment_status":"closed","ping_status":"open","sticky":false,"template":"","format":"standard","meta":[],"categories":[49,52],"tags":[],"_links":{"self":[{"href":"https:\/\/www.cronacaonline.it\/index.php\/wp-json\/wp\/v2\/posts\/237717"}],"collection":[{"href":"https:\/\/www.cronacaonline.it\/index.php\/wp-json\/wp\/v2\/posts"}],"about":[{"href":"https:\/\/www.cronacaonline.it\/index.php\/wp-json\/wp\/v2\/types\/post"}],"author":[{"embeddable":true,"href":"https:\/\/www.cronacaonline.it\/index.php\/wp-json\/wp\/v2\/users\/2"}],"replies":[{"embeddable":true,"href":"https:\/\/www.cronacaonline.it\/index.php\/wp-json\/wp\/v2\/comments?post=237717"}],"version-history":[{"count":1,"href":"https:\/\/www.cronacaonline.it\/index.php\/wp-json\/wp\/v2\/posts\/237717\/revisions"}],"predecessor-version":[{"id":237718,"href":"https:\/\/www.cronacaonline.it\/index.php\/wp-json\/wp\/v2\/posts\/237717\/revisions\/237718"}],"wp:featuredmedia":[{"embeddable":true,"href":"https:\/\/www.cronacaonline.it\/index.php\/wp-json\/wp\/v2\/media\/237281"}],"wp:attachment":[{"href":"https:\/\/www.cronacaonline.it\/index.php\/wp-json\/wp\/v2\/media?parent=237717"}],"wp:term":[{"taxonomy":"category","embeddable":true,"href":"https:\/\/www.cronacaonline.it\/index.php\/wp-json\/wp\/v2\/categories?post=237717"},{"taxonomy":"post_tag","embeddable":true,"href":"https:\/\/www.cronacaonline.it\/index.php\/wp-json\/wp\/v2\/tags?post=237717"}],"curies":[{"name":"wp","href":"https:\/\/api.w.org\/{rel}","templated":true}]}}