{"id":237709,"date":"2023-06-28T19:47:15","date_gmt":"2023-06-28T17:47:15","guid":{"rendered":"https:\/\/www.cronacaonline.it\/?p=237709"},"modified":"2023-06-28T19:47:18","modified_gmt":"2023-06-28T17:47:18","slug":"sanita-sardegna-dichiarazione-di-silvio-lai-deputato-pd-della-commissione-bilancio-della-camera","status":"publish","type":"post","link":"https:\/\/www.cronacaonline.it\/index.php\/2023\/06\/28\/sanita-sardegna-dichiarazione-di-silvio-lai-deputato-pd-della-commissione-bilancio-della-camera\/","title":{"rendered":"Sanit\u00e0 Sardegna &#8211; Dichiarazione di Silvio Lai, deputato Pd della Commissione Bilancio della Camera."},"content":{"rendered":"\n<p>SRoma, 28 Giu 2023 - Con l\u2019attuale Giunta Regionale della Sardegna si \u00e8 visto di tutto, in questi anni, ma mai avremmo pensato che arrivasse a tanto, fuori da qualsivoglia regola formale e istituzionale.\u00a0Il presidente e il suo assessore alla sanit\u00e0 infatti fanno convocare una riunione per il 29 giugno con i dipendenti e i sanitari dell\u2019Ospedale Brotzu di Cagliari.\u00a0Lo dichiara in una nota l\u2019on. Silvio Lai, del Partito Democratico.<\/p>\n\n\n\n<p>Una riunione impropria quanto clandestina senza un ordine del giorno, per la quale si \u00e8 arrogato il potere di convocare centinaia di persone che peraltro non sono tenute a rispondere a tale inaudita chiamata, ma che si sentiranno minacciate da una eventuale assenza.<\/p>\n\n\n\n<p>Per questo \u2013 prosegue - si tratta di una iniziativa che va oltre il senso del ridicolo ed \u00e8 di una gravit\u00e0 assoluta per procedure e modalit\u00e0, anche per il non detto che richiederebbe una valutazione sulla correttezza legale.<\/p>\n\n\n\n<p>Se il presidente della Sardegna e il suo assessore intendono affrontare il tema della riorganizzazione del lavoro in sanit\u00e0 possono farlo convocando le rappresentanze sindacali e professionali. A meno che non vogliano parlare di altro? E di cosa, verrebbe da chiedere? Dei fallimenti della sua gestione del sistema sanitario, della sua totale disorganizzazione, del disagio profondo del personale o anche delle difficolt\u00e0 dei cittadini nel vedersi riconosciuti i diritti violati viste le lunghe liste d\u2019attesa e i reparti inventati e privi di un numero adeguato di professionalit\u00e0. Ma \u2013 conclude l\u2019on Lai - per dire questo non devono convocare impropriamente nessuno ma dichiarare pubblicamente che sta andando di male in peggio e ormai \u00e8 al fondo del barile. Sarebbe un atto di dignit\u00e0 che per\u00f2 questa Giunta non far\u00e0 mai.<\/p>\n\n\n\n<p>Ci penseranno, comunque, i cittadini sardi a porgere il conto alle sue ripetute manchevolezze. Red<\/p>\n","protected":false},"excerpt":{"rendered":"<p>SRoma, 28 Giu 2023 &#8211; Con l\u2019attuale Giunta Regionale della Sardegna si \u00e8 visto di tutto, in questi anni, ma mai avremmo pensato che arrivasse&#8230;<\/p>\n","protected":false},"author":2,"featured_media":226125,"comment_status":"closed","ping_status":"open","sticky":false,"template":"","format":"standard","meta":[],"categories":[49,52],"tags":[],"_links":{"self":[{"href":"https:\/\/www.cronacaonline.it\/index.php\/wp-json\/wp\/v2\/posts\/237709"}],"collection":[{"href":"https:\/\/www.cronacaonline.it\/index.php\/wp-json\/wp\/v2\/posts"}],"about":[{"href":"https:\/\/www.cronacaonline.it\/index.php\/wp-json\/wp\/v2\/types\/post"}],"author":[{"embeddable":true,"href":"https:\/\/www.cronacaonline.it\/index.php\/wp-json\/wp\/v2\/users\/2"}],"replies":[{"embeddable":true,"href":"https:\/\/www.cronacaonline.it\/index.php\/wp-json\/wp\/v2\/comments?post=237709"}],"version-history":[{"count":1,"href":"https:\/\/www.cronacaonline.it\/index.php\/wp-json\/wp\/v2\/posts\/237709\/revisions"}],"predecessor-version":[{"id":237710,"href":"https:\/\/www.cronacaonline.it\/index.php\/wp-json\/wp\/v2\/posts\/237709\/revisions\/237710"}],"wp:featuredmedia":[{"embeddable":true,"href":"https:\/\/www.cronacaonline.it\/index.php\/wp-json\/wp\/v2\/media\/226125"}],"wp:attachment":[{"href":"https:\/\/www.cronacaonline.it\/index.php\/wp-json\/wp\/v2\/media?parent=237709"}],"wp:term":[{"taxonomy":"category","embeddable":true,"href":"https:\/\/www.cronacaonline.it\/index.php\/wp-json\/wp\/v2\/categories?post=237709"},{"taxonomy":"post_tag","embeddable":true,"href":"https:\/\/www.cronacaonline.it\/index.php\/wp-json\/wp\/v2\/tags?post=237709"}],"curies":[{"name":"wp","href":"https:\/\/api.w.org\/{rel}","templated":true}]}}