{"id":237690,"date":"2023-06-28T14:06:10","date_gmt":"2023-06-28T12:06:10","guid":{"rendered":"https:\/\/www.cronacaonline.it\/?p=237690"},"modified":"2023-06-28T14:06:13","modified_gmt":"2023-06-28T12:06:13","slug":"continuita-territoriale-aerea-quattro-offerte-per-i-voli-agevolati-da-e-per-alghero-con-roma-e-milano-la-soddisfazione-dellassessore-moro","status":"publish","type":"post","link":"https:\/\/www.cronacaonline.it\/index.php\/2023\/06\/28\/continuita-territoriale-aerea-quattro-offerte-per-i-voli-agevolati-da-e-per-alghero-con-roma-e-milano-la-soddisfazione-dellassessore-moro\/","title":{"rendered":"Continuit\u00e0 territoriale aerea, quattro offerte per i voli agevolati da e per Alghero con Roma e Milano. La soddisfazione dell\u2019assessore Moro."},"content":{"rendered":"\n<p>Cagliari,\u00a028 Giu 2023\u00a0\u2013\u00a0Quattro offerte in totale per i collegamenti in continuit\u00e0 territoriale da e per l\u2019aeroporto di Alghero con Roma-Fiumicino e Milano Linate, due da parte di Ita e due da parte di Aeroitalia.<\/p>\n\n\n\n<p>\u00c8 il primo risultato dell\u2019apertura delle buste, negli uffici dell\u2019assessorato regionale dei Trasporti a Cagliari, per l\u2019affidamento del servizio di trasporto aereo in continuit\u00e0 territoriale da e per Alghero per il periodo dal 29 ottobre 2023 al 26 ottobre 2024.<\/p>\n\n\n\n<p>La commissione aggiudicatrice dovr\u00e0 ora verificare la documentazione presentata per procedere all\u2019esame delle offerte tecniche e per valutare le offerte economiche, procedendo successivamente all\u2019aggiudicazione provvisoria delle rotte. Resta infatti possibile, fino al&nbsp;27 settembre 2023, che un vettore comunitario accetti di effettuare le rotte senza esclusiva e senza compensazione. Per la rotta Alghero-Roma Fiumicino la base d\u2019asta era stata fissata in&nbsp;5.236.440,33&nbsp;euro netti&nbsp;(5.760.084,36&nbsp;euro lordi), per la Alghero-Milano Linate la base d\u2019asta era di&nbsp;2.997.955,57&nbsp;euro netti&nbsp;(3.297.751,13&nbsp;euro lordi).<\/p>\n\n\n\n<p>\u201cCon la gara per Alghero \u2013 sottolinea l\u2019assessore regionale dei Trasporti, Antonio Moro \u2013 mettiamo in sicurezza il sistema del trasporto aereo per quanto riguarda gli oneri di servizio pubblico per la Sardegna. Abbiamo cos\u00ec mantenuto l\u2019impegno con Alghero, con il territorio, con l\u2019intera Sardegna. Non ho ricordi di gare che si siano concluse quattro mesi prima della scadenza degli oneri di servizio pubblico. Ora lavoreremo ancor pi\u00f9 alacremente per completare gli strumenti nella disponibilit\u00e0 della Regione per garantire un servizio di collegamento aereo all\u2019altezza delle aspettative dei sardi\u201d.<\/p>\n\n\n\n<p>\u201cVogliamo realizzare un nuovo modello sardo del trasporto aereo \u2013 ha aggiunto l\u2019esponente della Giunta sarda \u2013 che si compone di tre elementi fondamentali, a cominciare da quello centrale degli oneri di servizio pubblico, cio\u00e8 la continuit\u00e0 territoriale cos\u00ec come l'abbiamo conosciuta fino adesso, con tariffe residenti, frequenze prestabilite, fasce orarie predeterminate nei collegamenti da e per i tre aeroporti sardi con Roma Fiumicino e Milano Linate. A questi vogliamo aggiungere gli aiuti diretti ai vettori per l\u2019abbattimento delle tariffe aeroportuali, per l\u2019apertura di nuove rotte per la Sardegna, per i quali abbiamo approvato un apposito disegno di legge e che \u00e8 gi\u00e0 all\u2019esame della competente commissione, e la sperimentazione dei cosiddetti aiuti sociali che si configurano nel contributo diretto al passeggero per l'abbattimento del costo del biglietto aereo\u201d. Com<\/p>\n","protected":false},"excerpt":{"rendered":"<p>Cagliari,\u00a028 Giu 2023\u00a0\u2013\u00a0Quattro offerte in totale per i collegamenti in continuit\u00e0 territoriale da e per l\u2019aeroporto di Alghero con Roma-Fiumicino e Milano Linate, due da&#8230;<\/p>\n","protected":false},"author":2,"featured_media":237691,"comment_status":"closed","ping_status":"open","sticky":false,"template":"","format":"standard","meta":[],"categories":[49,52],"tags":[],"_links":{"self":[{"href":"https:\/\/www.cronacaonline.it\/index.php\/wp-json\/wp\/v2\/posts\/237690"}],"collection":[{"href":"https:\/\/www.cronacaonline.it\/index.php\/wp-json\/wp\/v2\/posts"}],"about":[{"href":"https:\/\/www.cronacaonline.it\/index.php\/wp-json\/wp\/v2\/types\/post"}],"author":[{"embeddable":true,"href":"https:\/\/www.cronacaonline.it\/index.php\/wp-json\/wp\/v2\/users\/2"}],"replies":[{"embeddable":true,"href":"https:\/\/www.cronacaonline.it\/index.php\/wp-json\/wp\/v2\/comments?post=237690"}],"version-history":[{"count":1,"href":"https:\/\/www.cronacaonline.it\/index.php\/wp-json\/wp\/v2\/posts\/237690\/revisions"}],"predecessor-version":[{"id":237692,"href":"https:\/\/www.cronacaonline.it\/index.php\/wp-json\/wp\/v2\/posts\/237690\/revisions\/237692"}],"wp:featuredmedia":[{"embeddable":true,"href":"https:\/\/www.cronacaonline.it\/index.php\/wp-json\/wp\/v2\/media\/237691"}],"wp:attachment":[{"href":"https:\/\/www.cronacaonline.it\/index.php\/wp-json\/wp\/v2\/media?parent=237690"}],"wp:term":[{"taxonomy":"category","embeddable":true,"href":"https:\/\/www.cronacaonline.it\/index.php\/wp-json\/wp\/v2\/categories?post=237690"},{"taxonomy":"post_tag","embeddable":true,"href":"https:\/\/www.cronacaonline.it\/index.php\/wp-json\/wp\/v2\/tags?post=237690"}],"curies":[{"name":"wp","href":"https:\/\/api.w.org\/{rel}","templated":true}]}}