{"id":237658,"date":"2023-06-27T15:26:28","date_gmt":"2023-06-27T13:26:28","guid":{"rendered":"https:\/\/www.cronacaonline.it\/?p=237658"},"modified":"2023-06-27T15:26:31","modified_gmt":"2023-06-27T13:26:31","slug":"castiadas-tavolo-congiunto-regione-comune-sul-patrimonio-pubblico-lassessore-salaris-impegnati-per-consentire-la-piena-fruizione-dei-fondi-legati-al-pnrr","status":"publish","type":"post","link":"https:\/\/www.cronacaonline.it\/index.php\/2023\/06\/27\/castiadas-tavolo-congiunto-regione-comune-sul-patrimonio-pubblico-lassessore-salaris-impegnati-per-consentire-la-piena-fruizione-dei-fondi-legati-al-pnrr\/","title":{"rendered":"Castiadas, tavolo congiunto regione-comune sul patrimonio pubblico. L\u2019assessore Salaris: \u201cimpegnati per consentire la piena fruizione dei fondi legati al Pnrr\u201d."},"content":{"rendered":"\n<p>Castiadas, 27 Giu 2023 \u2013\u00a0Si \u00e8 tenuto questa mattina a Castiadas il tavolo congiunto Regione-Comune che risponde alle esigenze dell\u2019Amministrazione comunale e d\u00e0 avvio alla ricognizione e riorganizzazione degli immobili presenti nel territorio (fabbricati e terreni), tra cui alcuni di interesse archeologico, storico, culturale e naturalistico.<\/p>\n\n\n\n<p>Al centro dell\u2019incontro gli immobili di propriet\u00e0 della Regione, il recupero delle strutture storiche, le ex carceri vicino al centro e quelle a mare nella marina di San Pietro, le aree a ridosso delle borgate o sul mare come la pineta di Cala Sinzias.&nbsp;&nbsp;Ci sono poi le strutture legate ai fondi del PNRR che in virt\u00f9 del contratto di comodato hanno consentito al Comune di Castiadas di partecipare ai bandi ma per le quali ora si teme di perdere i finanziamenti a causa della titolarit\u00e0 ancora in capo alla Regione (campo sportivo comunale e circolo sociale comprese le aree annesse, ex officine, palestra, per esempio).<\/p>\n\n\n\n<p>\u201cLa Regione ha scommesso e continua a scommettere sulla valorizzazione del proprio patrimonio, che significa rigenerare e mettere a sistema, un lavoro che parte necessariamente dalle Comunit\u00e0: per ogni territorio la Regione prevede un percorso di riqualificazione sulla base delle peculiarit\u00e0 delle diverse zone\u201d, ha assicurato l\u2019Assessore Salaris ricordando anche il lavoro di ricognizione del patrimonio pubblico regionale avviato dalla Regione.<\/p>\n\n\n\n<p>\u201cLa valorizzazione e fruizione delle aree di interesse pubblico e delle bellezze naturalistiche della nostra Isola \u2013 ha proseguito l\u2019Assessore - \u00e8 un obiettivo che ci impegna non solo attraverso lo stanziamento delle risorse ma anche con il pieno sostegno ai Comuni. Rientra in questo lavoro di massima attenzione verso gli Enti locali il recepimento, come nel caso di Castiadas, delle richieste sulla titolarit\u00e0 delle aree di propriet\u00e0 della Regione su cui il Comune gi\u00e0 ha stanziato delle risorse e ottenuto i finanziamenti del PNRR. Vogliamo avviare \u2013 ha evidenziato l\u2019esponente della Giunta sarda \u2013 una piena valorizzazione dei territori senza sovrapposizioni nei finanziamenti, per consentire una reale razionalizzazione della spesa cui corrisponder\u00e0 la realizzazione dei progetti. L\u2019esigenza pi\u00f9 urgente \u00e8 proprio quella di garantire la massima attenzione ai progetti legati al PNRR, per questo aspettiamo dal Comune di Castiadas di avere tutta la documentazione necessaria, in particolare sui progetti legati agli stanziamenti nazionali, affinch\u00e9 le risorse siano messe in salvo e poi spese\u201d. Com<\/p>\n","protected":false},"excerpt":{"rendered":"<p>Castiadas, 27 Giu 2023 \u2013\u00a0Si \u00e8 tenuto questa mattina a Castiadas il tavolo congiunto Regione-Comune che risponde alle esigenze dell\u2019Amministrazione comunale e d\u00e0 avvio alla&#8230;<\/p>\n","protected":false},"author":2,"featured_media":237659,"comment_status":"closed","ping_status":"open","sticky":false,"template":"","format":"standard","meta":[],"categories":[49,52],"tags":[],"_links":{"self":[{"href":"https:\/\/www.cronacaonline.it\/index.php\/wp-json\/wp\/v2\/posts\/237658"}],"collection":[{"href":"https:\/\/www.cronacaonline.it\/index.php\/wp-json\/wp\/v2\/posts"}],"about":[{"href":"https:\/\/www.cronacaonline.it\/index.php\/wp-json\/wp\/v2\/types\/post"}],"author":[{"embeddable":true,"href":"https:\/\/www.cronacaonline.it\/index.php\/wp-json\/wp\/v2\/users\/2"}],"replies":[{"embeddable":true,"href":"https:\/\/www.cronacaonline.it\/index.php\/wp-json\/wp\/v2\/comments?post=237658"}],"version-history":[{"count":1,"href":"https:\/\/www.cronacaonline.it\/index.php\/wp-json\/wp\/v2\/posts\/237658\/revisions"}],"predecessor-version":[{"id":237660,"href":"https:\/\/www.cronacaonline.it\/index.php\/wp-json\/wp\/v2\/posts\/237658\/revisions\/237660"}],"wp:featuredmedia":[{"embeddable":true,"href":"https:\/\/www.cronacaonline.it\/index.php\/wp-json\/wp\/v2\/media\/237659"}],"wp:attachment":[{"href":"https:\/\/www.cronacaonline.it\/index.php\/wp-json\/wp\/v2\/media?parent=237658"}],"wp:term":[{"taxonomy":"category","embeddable":true,"href":"https:\/\/www.cronacaonline.it\/index.php\/wp-json\/wp\/v2\/categories?post=237658"},{"taxonomy":"post_tag","embeddable":true,"href":"https:\/\/www.cronacaonline.it\/index.php\/wp-json\/wp\/v2\/tags?post=237658"}],"curies":[{"name":"wp","href":"https:\/\/api.w.org\/{rel}","templated":true}]}}