{"id":237656,"date":"2023-06-27T15:23:59","date_gmt":"2023-06-27T13:23:59","guid":{"rendered":"https:\/\/www.cronacaonline.it\/?p=237656"},"modified":"2023-06-27T15:24:08","modified_gmt":"2023-06-27T13:24:08","slug":"scuola-assessore-biancareddu-definiti-i-criteri-per-lerogazione-delle-borse-di-studio-a-favore-degli-studenti-della-scuola-secondaria-di-secondo-grado-per-lanno-scolastico-2022-202","status":"publish","type":"post","link":"https:\/\/www.cronacaonline.it\/index.php\/2023\/06\/27\/scuola-assessore-biancareddu-definiti-i-criteri-per-lerogazione-delle-borse-di-studio-a-favore-degli-studenti-della-scuola-secondaria-di-secondo-grado-per-lanno-scolastico-2022-202\/","title":{"rendered":"Scuola: assessore Biancareddu, definiti i criteri per l\u2019erogazione delle borse di studio a favore degli studenti della scuola secondaria di secondo grado per l\u2019anno scolastico 2022\/2023."},"content":{"rendered":"\n<p>Cagliari, 27 Giu 2023 \u2013\u00a0Definiti i criteri e le modalit\u00e0 organizzative per l\u2019assegnazione delle borse di studio a favore degli studenti iscritti agli Istituti della scuola secondaria di secondo grado del Sistema nazionale di istruzione per l\u2019anno scolastico 2022\/2023, finalizzate all\u2019acquisto di libri di testo, soluzioni per la mobilit\u00e0 e il trasporto e per l\u2019accesso ai beni e servizi di natura culturale.<\/p>\n\n\n\n<p>L\u2019Assessore della Pubblica Istruzione, Andrea Biancareddu, sottolinea come sia stata effettuata, a livello ministeriale, la ripartizione tra le Regioni del Fondo Unico per il welfare dello studente. Alla Regione Sardegna sono stati assegnati 1 milione e 273 mila euro. La competenza in materia di assegni di studio \u00e8 in capo ai Comuni di residenza degli studenti. Essi dovranno, pertanto, ricevere le istanze e trasmettere alla Regione gli elenchi di quelle ammissibili, affinch\u00e9 la stessa Regione possa redigere la graduatoria unica regionale in ordine crescente di ISEE, riconoscendo la precedenza allo studente pi\u00f9 giovane d\u2019et\u00e0 in caso di parit\u00e0 di ISEE. L\u2019elenco degli studenti beneficiari cos\u00ec individuati sar\u00e0 a sua volta trasmesso al Ministero, il quale provveder\u00e0 ad effettuare i pagamenti agli studenti utilmente collocatosi nella graduatoria regionale mediante il sistema dei bonifici domiciliati.&nbsp;&nbsp;<\/p>\n\n\n\n<p>l\u2019Assessore della Pubblica Istruzione, Andrea Biancareddu ha proposto di individuare il valore di 14.650 euro il limite massimo dell\u2019ISEE delle famiglie degli studenti delle scuole secondarie di secondo grado statali e paritarie che potranno beneficiare della borsa di studio e di confermare l\u2019importo della borsa di studio in 200 euro. Da tenere presente che gli studenti delle scuole secondarie di secondo grado che non potranno accedere o beneficiare della borsa di studio nazionale potranno beneficiare della borsa di studio regionale che sar\u00e0 attivata con successivi provvedimenti. Com<\/p>\n","protected":false},"excerpt":{"rendered":"<p>Cagliari, 27 Giu 2023 \u2013\u00a0Definiti i criteri e le modalit\u00e0 organizzative per l\u2019assegnazione delle borse di studio a favore degli studenti iscritti agli Istituti della&#8230;<\/p>\n","protected":false},"author":2,"featured_media":230442,"comment_status":"closed","ping_status":"open","sticky":false,"template":"","format":"standard","meta":[],"categories":[49,52],"tags":[],"_links":{"self":[{"href":"https:\/\/www.cronacaonline.it\/index.php\/wp-json\/wp\/v2\/posts\/237656"}],"collection":[{"href":"https:\/\/www.cronacaonline.it\/index.php\/wp-json\/wp\/v2\/posts"}],"about":[{"href":"https:\/\/www.cronacaonline.it\/index.php\/wp-json\/wp\/v2\/types\/post"}],"author":[{"embeddable":true,"href":"https:\/\/www.cronacaonline.it\/index.php\/wp-json\/wp\/v2\/users\/2"}],"replies":[{"embeddable":true,"href":"https:\/\/www.cronacaonline.it\/index.php\/wp-json\/wp\/v2\/comments?post=237656"}],"version-history":[{"count":1,"href":"https:\/\/www.cronacaonline.it\/index.php\/wp-json\/wp\/v2\/posts\/237656\/revisions"}],"predecessor-version":[{"id":237657,"href":"https:\/\/www.cronacaonline.it\/index.php\/wp-json\/wp\/v2\/posts\/237656\/revisions\/237657"}],"wp:featuredmedia":[{"embeddable":true,"href":"https:\/\/www.cronacaonline.it\/index.php\/wp-json\/wp\/v2\/media\/230442"}],"wp:attachment":[{"href":"https:\/\/www.cronacaonline.it\/index.php\/wp-json\/wp\/v2\/media?parent=237656"}],"wp:term":[{"taxonomy":"category","embeddable":true,"href":"https:\/\/www.cronacaonline.it\/index.php\/wp-json\/wp\/v2\/categories?post=237656"},{"taxonomy":"post_tag","embeddable":true,"href":"https:\/\/www.cronacaonline.it\/index.php\/wp-json\/wp\/v2\/tags?post=237656"}],"curies":[{"name":"wp","href":"https:\/\/api.w.org\/{rel}","templated":true}]}}