{"id":237648,"date":"2023-06-27T12:04:30","date_gmt":"2023-06-27T10:04:30","guid":{"rendered":"https:\/\/www.cronacaonline.it\/?p=237648"},"modified":"2023-06-27T12:04:32","modified_gmt":"2023-06-27T10:04:32","slug":"nidi-gratis-la-regione-sardegna-conferma-il-bonus-il-presidente-della-sardegna-rinnovato-impegno-a-favore-delle-famiglie-sarde","status":"publish","type":"post","link":"https:\/\/www.cronacaonline.it\/index.php\/2023\/06\/27\/nidi-gratis-la-regione-sardegna-conferma-il-bonus-il-presidente-della-sardegna-rinnovato-impegno-a-favore-delle-famiglie-sarde\/","title":{"rendered":"Nidi gratis, la Regione Sardegna conferma il bonus. Il presidente della Sardegna: \u201crinnovato impegno a favore delle famiglie sarde\u201d."},"content":{"rendered":"\n<p>Cagliari, 27 Giu 2023\u00a0\u2013 La Regione conferma il \u201cbonus asili nido gratis\u201d, la misura nata per favorire le famiglie nella conciliazione vita-lavoro attraverso un contributo per l\u2019abbattimento della retta per la frequenza dei nidi e micronidi, pubblici o privati. La Giunta sarda, con una delibera approvata su proposta dell\u2019assessore regionale dell\u2019Igiene e Sanit\u00e0 e dell\u2019Assistenza Sociale, Carlo Doria, ha confermato le linee guida vigenti sui nidi gratis anche per l\u2019anno in corso e stabilito le modalit\u00e0 di ripartizione delle risorse tra i Comuni dell\u2019Isola: 5,5 milioni di euro stanziati nell\u2019ultima legge di stabilit\u00e0 per il triennio 2023-2025.<\/p>\n\n\n\n<p>\u201cIl bonus nidi gratis \u2013 dichiara il Presidente della Regione \u2013 non punta esclusivamente a fornire un aiuto economico fine a s\u00e9 stesso. Con la nascita di un figlio troppo spesso uno dei genitori, in modo particolare la madre, si ritrova costretto a rinunciare al lavoro, o alla possibilit\u00e0 di cercarne uno, difronte alla difficolt\u00e0 di conciliare famiglia e lavoro anche in ragione dei costi per l\u2019accesso ai servizi alla prima infanzia. Questa misura, che continuiamo a portare avanti con forza, va proprio nella direzione di supportare le famiglie sarde, con almeno un figlio tra zero e i tre anni, in una fase particolarmente delicata della loro vita\u201d.<\/p>\n\n\n\n<p>\u201cParliamo di un contributo importante per le famiglie. La Sardegna \u00e8 una delle regioni con il pi\u00f9 basso tasso di natalit\u00e0 in Italia. In questo quadro mettere in campo misure di welfare adeguate che diano sostegno alla genitorialit\u00e0 \u00e8 fondamentale\u201d, dichiara l\u2019assessore Doria.<\/p>\n\n\n\n<p>Il bonus \u00e8 gestito dai Comuni, ai quali le famiglie, con un Isee fino a 40mila euro, devono fare domanda per l\u2019erogazione di importi fino a 200 euro al mese per ogni figlio a carico. Un contributo, quello della Regione, cumulabile con la misura nazionale \u201cBonus nidi\u201d dell\u2019Inps. Com<\/p>\n","protected":false},"excerpt":{"rendered":"<p>Cagliari, 27 Giu 2023\u00a0\u2013 La Regione conferma il \u201cbonus asili nido gratis\u201d, la misura nata per favorire le famiglie nella conciliazione vita-lavoro attraverso un contributo&#8230;<\/p>\n","protected":false},"author":2,"featured_media":187128,"comment_status":"closed","ping_status":"open","sticky":false,"template":"","format":"standard","meta":[],"categories":[49,52],"tags":[],"_links":{"self":[{"href":"https:\/\/www.cronacaonline.it\/index.php\/wp-json\/wp\/v2\/posts\/237648"}],"collection":[{"href":"https:\/\/www.cronacaonline.it\/index.php\/wp-json\/wp\/v2\/posts"}],"about":[{"href":"https:\/\/www.cronacaonline.it\/index.php\/wp-json\/wp\/v2\/types\/post"}],"author":[{"embeddable":true,"href":"https:\/\/www.cronacaonline.it\/index.php\/wp-json\/wp\/v2\/users\/2"}],"replies":[{"embeddable":true,"href":"https:\/\/www.cronacaonline.it\/index.php\/wp-json\/wp\/v2\/comments?post=237648"}],"version-history":[{"count":1,"href":"https:\/\/www.cronacaonline.it\/index.php\/wp-json\/wp\/v2\/posts\/237648\/revisions"}],"predecessor-version":[{"id":237649,"href":"https:\/\/www.cronacaonline.it\/index.php\/wp-json\/wp\/v2\/posts\/237648\/revisions\/237649"}],"wp:featuredmedia":[{"embeddable":true,"href":"https:\/\/www.cronacaonline.it\/index.php\/wp-json\/wp\/v2\/media\/187128"}],"wp:attachment":[{"href":"https:\/\/www.cronacaonline.it\/index.php\/wp-json\/wp\/v2\/media?parent=237648"}],"wp:term":[{"taxonomy":"category","embeddable":true,"href":"https:\/\/www.cronacaonline.it\/index.php\/wp-json\/wp\/v2\/categories?post=237648"},{"taxonomy":"post_tag","embeddable":true,"href":"https:\/\/www.cronacaonline.it\/index.php\/wp-json\/wp\/v2\/tags?post=237648"}],"curies":[{"name":"wp","href":"https:\/\/api.w.org\/{rel}","templated":true}]}}