{"id":237646,"date":"2023-06-27T12:02:21","date_gmt":"2023-06-27T10:02:21","guid":{"rendered":"https:\/\/www.cronacaonline.it\/?p=237646"},"modified":"2023-06-27T12:02:26","modified_gmt":"2023-06-27T10:02:26","slug":"consiglio-sardegna-le-opposizioni-sulla-delibera-dei-nuovi-ospedali-sbagliato-sconvocare-il-consiglio-torneremo-in-aula-solo-su-questo-tema","status":"publish","type":"post","link":"https:\/\/www.cronacaonline.it\/index.php\/2023\/06\/27\/consiglio-sardegna-le-opposizioni-sulla-delibera-dei-nuovi-ospedali-sbagliato-sconvocare-il-consiglio-torneremo-in-aula-solo-su-questo-tema\/","title":{"rendered":"Consiglio Sardegna &#8211; Le opposizioni sulla delibera dei nuovi ospedali: sbagliato sconvocare il Consiglio, torneremo in Aula solo su questo tema."},"content":{"rendered":"\n<p>Cagliari, 27 Giu 2023 - \u201cNon parteciperemo a conferenze di capigruppo per cambiare l\u2019ordine del giorno. Siamo disponibili ad andare in Aula soltanto per discutere le due mozioni sulla Sanit\u00e0 e i nuovi ospedali\u201d. \u00c8 nelle parole di Francesco Agus, capogruppo dei Progressisti, la sintesi dell\u2019opposizione del Consiglio regionale, riunito questa mattina dopo la comunicazione del presidente del Consiglio regionale, Michele Pais, che ieri sera ha annullato la convocazione del parlamento sardo, fissata per oggi e rinviata invece a data da destinarsi.<\/p>\n\n\n\n<p>Per il capogruppo del Pd, Gianfranco Ganau, \u201c\u00e8 una balla che per realizzare un ospedale servono quattro anni perch\u00e9 il tempo reale \u00e8 di dieci, quindici anni. Ecco che il Consiglio si \u00e8 bloccato quando oltre a noi, Forza Italia, Fratelli d\u2019Italia e Riformatori hanno avanzato evidenti contrariet\u00e0 rispetto alla delibera di Giunta sulla Sanit\u00e0. Si prenda una volta per tutte atto che la legislatura \u00e8 finita\u201d.<\/p>\n\n\n\n<p>Su questo tema ha insistito anche il capogruppo del Rossoverdi, Eugenio Lai parlando di \u201cuna maggioranza che non si presenta in commissione e in aula, non garantisce il numero legale ed \u00e8 impegnata da anni soltanto in lotte di potere, ora con il sindaco di Cagliari\u201d. Poi un affondo rivolto al presidente del Consiglio: \u201cDovrebbe ricordarsi che non \u00e8 soltanto il segretario politico della Lega ma il garante dell\u2019istituzione parlamentare sarda. Non avrebbe dovuto convocare i lavori di oggi\u201d.<\/p>\n\n\n\n<p>Per Cinque stelle ha preso la parola il capogruppo Alessandro Solinas, che ha parlato di \u201cbulimia di potere da parte del presidente della Giunta, al punto che decide in solitaria di costruire quattro ospedali senza ascolta il parere del Consiglio, degli enti locali, dei territori e delle piazze\u201d. Al presidente Pais il consigliere Solinas ha detto: \u201cCi ha chiesto dignit\u00e0 nel ruolo ma \u00e8 la maggioranza che non ne ha\u201d.<\/p>\n\n\n\n<p>Per il leader dei Progressisti, Francesco Agus, \u201cla sconvocazione di un organo legislativo ricorre in caso di calamit\u00e0 naturale. In effetti questa maggioranza e questa giunta sono una calamit\u00e0 naturale e ogni giorno di pi\u00f9 \u00e8 un danno ai sardi. Nemmeno nel mio condominio le riunioni sono convocate in questo modo\u201d. Agus ha proseguito: \u201cQuesta delibera fa schifo e chiaramente mette insieme interessi pubblici e privati, sui quali non mancano approfondimenti. Non si sogni Pais che noi parteciperemo a sedute consiliari che non parlino prima di tutto di questa delibera, affrontando le due mozioni\u201d. Com<\/p>\n","protected":false},"excerpt":{"rendered":"<p>Cagliari, 27 Giu 2023 &#8211; \u201cNon parteciperemo a conferenze di capigruppo per cambiare l\u2019ordine del giorno. Siamo disponibili ad andare in Aula soltanto per discutere&#8230;<\/p>\n","protected":false},"author":2,"featured_media":192512,"comment_status":"closed","ping_status":"open","sticky":false,"template":"","format":"standard","meta":[],"categories":[49,52],"tags":[],"_links":{"self":[{"href":"https:\/\/www.cronacaonline.it\/index.php\/wp-json\/wp\/v2\/posts\/237646"}],"collection":[{"href":"https:\/\/www.cronacaonline.it\/index.php\/wp-json\/wp\/v2\/posts"}],"about":[{"href":"https:\/\/www.cronacaonline.it\/index.php\/wp-json\/wp\/v2\/types\/post"}],"author":[{"embeddable":true,"href":"https:\/\/www.cronacaonline.it\/index.php\/wp-json\/wp\/v2\/users\/2"}],"replies":[{"embeddable":true,"href":"https:\/\/www.cronacaonline.it\/index.php\/wp-json\/wp\/v2\/comments?post=237646"}],"version-history":[{"count":1,"href":"https:\/\/www.cronacaonline.it\/index.php\/wp-json\/wp\/v2\/posts\/237646\/revisions"}],"predecessor-version":[{"id":237647,"href":"https:\/\/www.cronacaonline.it\/index.php\/wp-json\/wp\/v2\/posts\/237646\/revisions\/237647"}],"wp:featuredmedia":[{"embeddable":true,"href":"https:\/\/www.cronacaonline.it\/index.php\/wp-json\/wp\/v2\/media\/192512"}],"wp:attachment":[{"href":"https:\/\/www.cronacaonline.it\/index.php\/wp-json\/wp\/v2\/media?parent=237646"}],"wp:term":[{"taxonomy":"category","embeddable":true,"href":"https:\/\/www.cronacaonline.it\/index.php\/wp-json\/wp\/v2\/categories?post=237646"},{"taxonomy":"post_tag","embeddable":true,"href":"https:\/\/www.cronacaonline.it\/index.php\/wp-json\/wp\/v2\/tags?post=237646"}],"curies":[{"name":"wp","href":"https:\/\/api.w.org\/{rel}","templated":true}]}}