{"id":237644,"date":"2023-06-27T11:39:07","date_gmt":"2023-06-27T09:39:07","guid":{"rendered":"https:\/\/www.cronacaonline.it\/?p=237644"},"modified":"2023-06-27T11:39:10","modified_gmt":"2023-06-27T09:39:10","slug":"lingua-sarda-biancareddu-nuovo-avviso-pubblico-per-lutilizzo-dei-fondi-per-la-tutela-delle-lingue-minoritarie-in-sardegna","status":"publish","type":"post","link":"https:\/\/www.cronacaonline.it\/index.php\/2023\/06\/27\/lingua-sarda-biancareddu-nuovo-avviso-pubblico-per-lutilizzo-dei-fondi-per-la-tutela-delle-lingue-minoritarie-in-sardegna\/","title":{"rendered":"Lingua sarda: Biancareddu, nuovo avviso pubblico per l\u2019utilizzo dei fondi per la tutela delle lingue minoritarie in Sardegna."},"content":{"rendered":"\n<p>Cagliari, 27 Giu 2023 \u2013\u00a0Per poter\u00a0tutelare e valorizzare le lingue minoritarie presenti in Sardegna (sardo e catalano di Alghero) e le lingue alloglotte (gallurese, sassarese e tabarchino) \u00e8 stato pubblicato il nuovo Avviso dell\u2019annualit\u00e0. Lo ha annunciato l\u2019Assessore della Pubblica Istruzione, Andrea Biancareddu,\u00a0L\u2019intervento, riconoscibile quest\u2019anno grazie all\u2019acronimo TuLis\u00a0(Tutela Lingue sarde), \u00e8 finanziato\u00a0sia con fondi statali (euro 999 mila euro per la lingua sarda e\u00a046 mila euro per il catalano di Alghero) che con integrazioni regionali (300 mila euro da utilizzare\u00a0prioritariamente in favore del gallurese, del sassarese e del tabarchino).<\/p>\n\n\n\n<p>\u201cCon questo intervento - sostiene Biancareddu - si intende sensibilizzare ed accrescere la diffusione e conoscenza delle lingue parlate in Sardegna, nonch\u00e9 l\u2019identit\u00e0 linguistica del popolo sardo come bene primario ed essenziale.\u201d<\/p>\n\n\n\n<p>A tutti gli interventi proposti possono accedere Enti Locali, Camere di Commercio e Aziende Sanitarie della Sardegna con un bacino complessivo di almeno 5.000 abitanti.<\/p>\n\n\n\n<p>I progetti si potranno articolare in quattro ambiti di intervento: Sportelli linguistici, Formazione, Attivit\u00e0 culturali di promozione linguistica e Toponomastica.<\/p>\n\n\n\n<p>Gli Sportelli linguistici dovranno offrire servizi ai cittadini che intendano utilizzare la lingua tutelata nei rapporti con la PA e negli altri ambiti d\u2019uso (esercizi pubblici, attivit\u00e0 produttive, commercio, scuola, associazionismo, sanit\u00e0, etc.). Tante le attivit\u00e0 che si potranno portare avanti negli sportelli: dalla creazione di materiali informativi-divulgativi, alle consulenze linguistiche, traduttive, e ortografiche da offrire alla popolazione. Il modulo minimo attivabile prevede 260 ore.&nbsp;Le attivit\u00e0 dello sportello hanno durata di dodici mesi e devono essere realizzate esclusivamente in presenza.<\/p>\n\n\n\n<p>I corsi di formazione sono invece destinati al personale dipendente,&nbsp;finalizzati all\u2019acquisizione di competenze nell\u2019uso orale e scritto della lingua sarda, del catalano di Alghero e delle lingue alloglotte (gallurese, sassarese, tabarchino).<\/p>\n\n\n\n<p>Le Attivit\u00e0 culturali di promozione linguistica&nbsp;dovranno riguardare tematiche di attualit\u00e0 nell\u2019ambito delle comunit\u00e0 di riferimento e saranno finalizzate a stimolare e rafforzare la conoscenza della lingua e i processi di apprendimento, nonch\u00e9 ad accrescere le opportunit\u00e0 di sviluppo di competenze specifiche, per&nbsp;arrivare direttamente alla popolazione e favorire uno scambio intergenerazionale.<\/p>\n\n\n\n<p>La novit\u00e0 di quest\u2019anno riguarda il finanziamento di progetti in materia di Toponomastica,&nbsp;per l\u2019adozione di toponimi conformi alla tradizione e agli usi locali, in aggiunta a quelli ufficiali. Sar\u00e0 possibile l\u2019installazione di segnaletica bilingue dove ancora non presente e\/o il ripristino di segnali rimossi o divelti. Potranno essere installati e\/o ripristinati cartelli con nomi di vie, viali, piazze, ecc., nonch\u00e9 insegne, supporti visivi e ogni altra indicazione di pubblica utilit\u00e0 esposta al pubblico negli immobili, sede di uffici aperti al pubblico, ospedali, porti, aeroporti, stazioni e mezzi di trasporto.<\/p>\n\n\n\n<p>Le proposte devono essere presentate esclusivamente tramite PEC all\u2019indirizzo&nbsp;<a href=\"javascript:webmail.View.mailto(%7bmailto:'pi.cultura.sarda%40pec.regione.sardegna.it',%20subject:%20''%7d)\">pi.cultura.sarda@pec.regione.sardegna.it<\/a>&nbsp;entro e non oltre le ore 12.00 del 26 luglio prossimo. Com<\/p>\n","protected":false},"excerpt":{"rendered":"<p>Cagliari, 27 Giu 2023 \u2013\u00a0Per poter\u00a0tutelare e valorizzare le lingue minoritarie presenti in Sardegna (sardo e catalano di Alghero) e le lingue alloglotte (gallurese, sassarese&#8230;<\/p>\n","protected":false},"author":2,"featured_media":184604,"comment_status":"closed","ping_status":"open","sticky":false,"template":"","format":"standard","meta":[],"categories":[49,52],"tags":[],"_links":{"self":[{"href":"https:\/\/www.cronacaonline.it\/index.php\/wp-json\/wp\/v2\/posts\/237644"}],"collection":[{"href":"https:\/\/www.cronacaonline.it\/index.php\/wp-json\/wp\/v2\/posts"}],"about":[{"href":"https:\/\/www.cronacaonline.it\/index.php\/wp-json\/wp\/v2\/types\/post"}],"author":[{"embeddable":true,"href":"https:\/\/www.cronacaonline.it\/index.php\/wp-json\/wp\/v2\/users\/2"}],"replies":[{"embeddable":true,"href":"https:\/\/www.cronacaonline.it\/index.php\/wp-json\/wp\/v2\/comments?post=237644"}],"version-history":[{"count":1,"href":"https:\/\/www.cronacaonline.it\/index.php\/wp-json\/wp\/v2\/posts\/237644\/revisions"}],"predecessor-version":[{"id":237645,"href":"https:\/\/www.cronacaonline.it\/index.php\/wp-json\/wp\/v2\/posts\/237644\/revisions\/237645"}],"wp:featuredmedia":[{"embeddable":true,"href":"https:\/\/www.cronacaonline.it\/index.php\/wp-json\/wp\/v2\/media\/184604"}],"wp:attachment":[{"href":"https:\/\/www.cronacaonline.it\/index.php\/wp-json\/wp\/v2\/media?parent=237644"}],"wp:term":[{"taxonomy":"category","embeddable":true,"href":"https:\/\/www.cronacaonline.it\/index.php\/wp-json\/wp\/v2\/categories?post=237644"},{"taxonomy":"post_tag","embeddable":true,"href":"https:\/\/www.cronacaonline.it\/index.php\/wp-json\/wp\/v2\/tags?post=237644"}],"curies":[{"name":"wp","href":"https:\/\/api.w.org\/{rel}","templated":true}]}}