{"id":237619,"date":"2023-06-26T20:25:03","date_gmt":"2023-06-26T18:25:03","guid":{"rendered":"https:\/\/www.cronacaonline.it\/?p=237619"},"modified":"2023-06-26T20:25:06","modified_gmt":"2023-06-26T18:25:06","slug":"europee-collegio-sardegna-incontro-presidenti-pais-e-cossa-con-i-parlamentari-sardi","status":"publish","type":"post","link":"https:\/\/www.cronacaonline.it\/index.php\/2023\/06\/26\/europee-collegio-sardegna-incontro-presidenti-pais-e-cossa-con-i-parlamentari-sardi\/","title":{"rendered":"Europee. Collegio Sardegna incontro Presidenti Pais e Cossa con i parlamentari sardi."},"content":{"rendered":"\n<p>Cagliari, 26 Giu 2023 \u2013 Incontro questo pomeriggio del Presidente del Consiglio regionale Michele Pais e del presidente della commissione speciale per il riconoscimento del principio di insularit\u00e0 Michele Cossa con i parlamentari sardi per fare il punto sull\u2019Istituzione del Collegio Sardegna alle elezioni europee.<\/p>\n\n\n\n<p>Hanno partecipato in presenza la deputata Verdi \u2013 Sinistra Francesca Ghirra e la senatrice Fratelli D\u2019Italia Antonella Zedda, da remoto: il deputato di Forza Italia Ugo Cappellacci, il deputato di FDI Salvatore Deidda, il deputato della Lega Dario Giagoni, la senatrice M5S Sabrina Licheri, il deputato di FDI Francesco Mura, il deputato di FI Pietro Pittalis, alcuni consiglieri regionali.<\/p>\n\n\n\n<p>Il presidente Pais in apertura ha rimarcato l\u2019importanza che l\u2019iter della legge sia concluso al pi\u00f9 presto, prima delle ormai imminenti elezioni europee che si terranno nel giugno 2024. \u201cIl Collegio unico Sicilia \u2013 Sardegna \u2013 ha ricordato Pais \u2013 \u00e8 fortemente sbilanciato verso la Sicilia e non permette alla nostra isola di essere rappresentata al pari delle altre regioni\u201d.<\/p>\n\n\n\n<p>Il Presidente Cossa ha sottolineato che il coordinamento del consiglio regionale coi parlamentari sardi \u00e8 indispensabile per avere possibilit\u00e0 che il percorso parlamentare, gi\u00e0 cominciato al Senato, abbia esito positivo. La prima cosa che faremo \u2013 ha detto il Presidente Cossa \u2013 \u00e8 incontrare tutti i senatori sardi per un percorso condiviso che abbia come base la Proposta di legge nazionale approvata all\u2019unanimit\u00e0 dal Consiglio regionale il 17 maggio del 2023\u201d.<\/p>\n\n\n\n<p>I tempi \u2013 hanno detto i parlamentari - si preannunciano lunghi e l\u2019iter \u00e8 delicato anche perch\u00e9 ci sono interessi&nbsp; di modifica alla legge elettorale europea anche da parte di altre regionali italiane.<\/p>\n\n\n\n<p>I parlamentari hanno comunque assicurato il massimo impegno per accelerare i tempi e per appianare le difficolt\u00e0 di modifica alla legge 24 gennaio 1979 n. 18.<\/p>\n","protected":false},"excerpt":{"rendered":"<p>Cagliari, 26 Giu 2023 \u2013 Incontro questo pomeriggio del Presidente del Consiglio regionale Michele Pais e del presidente della commissione speciale per il riconoscimento del&#8230;<\/p>\n","protected":false},"author":2,"featured_media":237620,"comment_status":"closed","ping_status":"open","sticky":false,"template":"","format":"standard","meta":[],"categories":[49,52],"tags":[],"_links":{"self":[{"href":"https:\/\/www.cronacaonline.it\/index.php\/wp-json\/wp\/v2\/posts\/237619"}],"collection":[{"href":"https:\/\/www.cronacaonline.it\/index.php\/wp-json\/wp\/v2\/posts"}],"about":[{"href":"https:\/\/www.cronacaonline.it\/index.php\/wp-json\/wp\/v2\/types\/post"}],"author":[{"embeddable":true,"href":"https:\/\/www.cronacaonline.it\/index.php\/wp-json\/wp\/v2\/users\/2"}],"replies":[{"embeddable":true,"href":"https:\/\/www.cronacaonline.it\/index.php\/wp-json\/wp\/v2\/comments?post=237619"}],"version-history":[{"count":1,"href":"https:\/\/www.cronacaonline.it\/index.php\/wp-json\/wp\/v2\/posts\/237619\/revisions"}],"predecessor-version":[{"id":237621,"href":"https:\/\/www.cronacaonline.it\/index.php\/wp-json\/wp\/v2\/posts\/237619\/revisions\/237621"}],"wp:featuredmedia":[{"embeddable":true,"href":"https:\/\/www.cronacaonline.it\/index.php\/wp-json\/wp\/v2\/media\/237620"}],"wp:attachment":[{"href":"https:\/\/www.cronacaonline.it\/index.php\/wp-json\/wp\/v2\/media?parent=237619"}],"wp:term":[{"taxonomy":"category","embeddable":true,"href":"https:\/\/www.cronacaonline.it\/index.php\/wp-json\/wp\/v2\/categories?post=237619"},{"taxonomy":"post_tag","embeddable":true,"href":"https:\/\/www.cronacaonline.it\/index.php\/wp-json\/wp\/v2\/tags?post=237619"}],"curies":[{"name":"wp","href":"https:\/\/api.w.org\/{rel}","templated":true}]}}